{"id":14700,"date":"2021-09-01T23:03:41","date_gmt":"2021-09-01T21:03:41","guid":{"rendered":"https:\/\/de.ambaguinee.org\/?p=14700"},"modified":"2021-09-01T23:03:41","modified_gmt":"2021-09-01T21:03:41","slug":"transfert-mamadou-kane-signe-a-lolympiakos","status":"publish","type":"post","link":"https:\/\/de.ambaguinee.org\/?p=14700","title":{"rendered":"Transfert : Mamadou Kan\u00e9 signe \u00e0 l\u2019Olympiakos"},"content":{"rendered":"<div>\n<p><strong>ATH\u00c8NES- La communaut\u00e9 guin\u00e9enne \u00e9voluant \u00e0 l\u2019Olympiakos en Gr\u00e8ce s\u2019agrandit. Mamadou Kan\u00e9 qui pr\u00eate ses services \u00e0 Netfchi  Baku en Azerba\u00efdjan, vient de s\u2019engager avec le club Grec<\/strong>. <\/p>\n<p>Le milieu de terrain guin\u00e9en d\u00e9barque en Gr\u00e8ce o\u00f9 il a sign\u00e9 un contrat  de 5 ans. Mais avant de retrouver ses compatriotes Mady Camara, Aguibou Camara et Algassime Bah, Mamadou Kan\u00e9 va continuer cette saison en pr\u00eat \u00e0 Baku.<\/p>\n<p><strong><em>GUINEEFOOT.INFO<\/em><\/strong> <\/p>\n<p>L\u2019article <a rel=\"nofollow\" href=\"https:\/\/guineefoot.info\/transfert-mamadou-kane-rejoint-lolympiakos\/\">Transfert : Mamadou Kan\u00e9 signe \u00e0 l\u2019Olympiakos<\/a> est apparu en premier sur <a rel=\"nofollow\" href=\"https:\/\/guineefoot.info\/\">Guineefoot<\/a>.<\/p>\n<\/div>\n","protected":false},"excerpt":{"rendered":"<p>ATH\u00c8NES- La communaut\u00e9 guin\u00e9enne \u00e9voluant \u00e0 l\u2019Olympiakos en Gr\u00e8ce s\u2019agrandit. Mamadou Kan\u00e9 qui pr\u00eate ses services \u00e0 Netfchi Baku en Azerba\u00efdjan, vient de s\u2019engager avec le club Grec. Le milieu de terrain guin\u00e9en d\u00e9barque en Gr\u00e8ce o\u00f9 il a sign\u00e9 un contrat de 5 ans. Mais avant de retrouver ses compatriotes Mady Camara, Aguibou Camara &hellip;<\/p>\n","protected":false},"author":1,"featured_media":0,"comment_status":"closed","ping_status":"closed","sticky":false,"template":"","format":"standard","meta":{"footnotes":""},"categories":[4],"tags":[],"_links":{"self":[{"href":"https:\/\/de.ambaguinee.org\/index.php?rest_route=\/wp\/v2\/posts\/14700"}],"collection":[{"href":"https:\/\/de.ambaguinee.org\/index.php?rest_route=\/wp\/v2\/posts"}],"about":[{"href":"https:\/\/de.ambaguinee.org\/index.php?rest_route=\/wp\/v2\/types\/post"}],"author":[{"embeddable":true,"href":"https:\/\/de.ambaguinee.org\/index.php?rest_route=\/wp\/v2\/users\/1"}],"replies":[{"embeddable":true,"href":"https:\/\/de.ambaguinee.org\/index.php?rest_route=%2Fwp%2Fv2%2Fcomments&post=14700"}],"version-history":[{"count":0,"href":"https:\/\/de.ambaguinee.org\/index.php?rest_route=\/wp\/v2\/posts\/14700\/revisions"}],"wp:attachment":[{"href":"https:\/\/de.ambaguinee.org\/index.php?rest_route=%2Fwp%2Fv2%2Fmedia&parent=14700"}],"wp:term":[{"taxonomy":"category","embeddable":true,"href":"https:\/\/de.ambaguinee.org\/index.php?rest_route=%2Fwp%2Fv2%2Fcategories&post=14700"},{"taxonomy":"post_tag","embeddable":true,"href":"https:\/\/de.ambaguinee.org\/index.php?rest_route=%2Fwp%2Fv2%2Ftags&post=14700"}],"curies":[{"name":"wp","href":"https:\/\/api.w.org\/{rel}","templated":true}]}}