{"id":14771,"date":"2021-09-02T23:01:40","date_gmt":"2021-09-02T21:01:40","guid":{"rendered":"https:\/\/de.ambaguinee.org\/?p=14771"},"modified":"2021-09-02T23:01:40","modified_gmt":"2021-09-02T21:01:40","slug":"moriba-tacle-le-barca-les-choses-quils-ont-dites-sur-moi-sont-injustes","status":"publish","type":"post","link":"https:\/\/de.ambaguinee.org\/?p=14771","title":{"rendered":"Moriba tacle le Bar\u00e7a : \u201cles choses qu\u2019ils ont dites sur moi sont injustes\u201d"},"content":{"rendered":"<div>\n<p><strong>MUNICH<\/strong>\u2013 Quelques jours apr\u00e8s son d\u00e9part du FC Barcelone, Moriba Illaix Kourouma en a gros sur le c\u0153ur. Le jeune guin\u00e9en qui s\u2019est engag\u00e9 en faveur du RB Leipzig en Allemagne, revient sur les derni\u00e8res semaines chaotiques au sein du club catalan. Selon lui, le Bar\u00e7a n\u2019a pas \u00e9t\u00e9 juste envers lui.<\/p>\n<p>\u201c<em><strong>Ces derniers mois ont \u00e9t\u00e9 les plus durs de ma vie, nous [ma famille] avons re\u00e7u des messages injurieux, mais nous avons r\u00e9ussi \u00e0 les surmonter pour \u00eatre ici aujourd\u2019hui. Ils [les gens du club] ont dit beaucoup de choses qui ne sont pas vraies et nous avons d\u00fb garder le silence \u00e0 cause du respect que nous avons pour Barcelone.\u00a0Les choses qu\u2019ils ont dites dans la presse n\u2019ont pas \u00e9t\u00e9 justes<\/strong><\/em>\u201d explique-t-il dans des propos rapport\u00e9s par <em>Beinsports<\/em>.<\/p>\n<p>Pas s\u00fbr que les dirigeants du Bar\u00e7a appr\u00e9cient cette sortie m\u00e9diatique de l\u2019hispano-guin\u00e9en. <\/p>\n<p><strong><em>ALPHA DIALLO <\/em><\/strong><\/p>\n<p>L\u2019article <a rel=\"nofollow\" href=\"https:\/\/guineefoot.info\/moriba-tacle-le-barca-les-choses-quils-ont-dites-sur-moi-sont-injustes\/\">Moriba tacle le Bar\u00e7a : \u201cles choses qu\u2019ils ont dites sur moi sont injustes\u201d<\/a> est apparu en premier sur <a rel=\"nofollow\" href=\"https:\/\/guineefoot.info\/\">Guineefoot<\/a>.<\/p>\n<\/div>\n","protected":false},"excerpt":{"rendered":"<p>MUNICH\u2013 Quelques jours apr\u00e8s son d\u00e9part du FC Barcelone, Moriba Illaix Kourouma en a gros sur le c\u0153ur. Le jeune guin\u00e9en qui s\u2019est engag\u00e9 en faveur du RB Leipzig en Allemagne, revient sur les derni\u00e8res semaines chaotiques au sein du club catalan. Selon lui, le Bar\u00e7a n\u2019a pas \u00e9t\u00e9 juste envers lui. \u201cCes derniers mois &hellip;<\/p>\n","protected":false},"author":1,"featured_media":0,"comment_status":"closed","ping_status":"closed","sticky":false,"template":"","format":"standard","meta":{"footnotes":""},"categories":[4],"tags":[],"_links":{"self":[{"href":"https:\/\/de.ambaguinee.org\/index.php?rest_route=\/wp\/v2\/posts\/14771"}],"collection":[{"href":"https:\/\/de.ambaguinee.org\/index.php?rest_route=\/wp\/v2\/posts"}],"about":[{"href":"https:\/\/de.ambaguinee.org\/index.php?rest_route=\/wp\/v2\/types\/post"}],"author":[{"embeddable":true,"href":"https:\/\/de.ambaguinee.org\/index.php?rest_route=\/wp\/v2\/users\/1"}],"replies":[{"embeddable":true,"href":"https:\/\/de.ambaguinee.org\/index.php?rest_route=%2Fwp%2Fv2%2Fcomments&post=14771"}],"version-history":[{"count":0,"href":"https:\/\/de.ambaguinee.org\/index.php?rest_route=\/wp\/v2\/posts\/14771\/revisions"}],"wp:attachment":[{"href":"https:\/\/de.ambaguinee.org\/index.php?rest_route=%2Fwp%2Fv2%2Fmedia&parent=14771"}],"wp:term":[{"taxonomy":"category","embeddable":true,"href":"https:\/\/de.ambaguinee.org\/index.php?rest_route=%2Fwp%2Fv2%2Fcategories&post=14771"},{"taxonomy":"post_tag","embeddable":true,"href":"https:\/\/de.ambaguinee.org\/index.php?rest_route=%2Fwp%2Fv2%2Ftags&post=14771"}],"curies":[{"name":"wp","href":"https:\/\/api.w.org\/{rel}","templated":true}]}}