{"id":14829,"date":"2021-09-03T23:02:42","date_gmt":"2021-09-03T21:02:42","guid":{"rendered":"https:\/\/de.ambaguinee.org\/?p=14829"},"modified":"2021-09-03T23:02:42","modified_gmt":"2021-09-03T21:02:42","slug":"le-syli-pris-a-parti-a-conakry-par-un-groupe-de-supporters-mecontents","status":"publish","type":"post","link":"https:\/\/de.ambaguinee.org\/?p=14829","title":{"rendered":"Le Syli pris \u00e0 parti \u00e0 Conakry par un groupe de supporters m\u00e9contents"},"content":{"rendered":"<div>\n<p><strong>CONAKRY- Apr\u00e8s le nul (1-1) conc\u00e9d\u00e9 en Mauritanie contre la Guin\u00e9e-Bissau, le Syli National a regagn\u00e9 aussit\u00f4t Conakry dans un vol special pour pr\u00e9parer son match de la 2\u00e8me journ\u00e9e des \u00e9liminatoires de la coupe du monde 2022 au Qatar. <\/strong><\/p>\n<p>Le groupe a \u00e9t\u00e9 pris \u00e0 parti par un groupe de supporters m\u00e9content, qui aurait tenu des propos injurieux \u00e0 l\u2019encontre des joueurs et de quelques responsables du staff technique. <\/p>\n<p>Le staff du Syli et des joueurs ont \u00e9t\u00e9 pris \u00e0 parti par un groupe de jeunes. Cette sc\u00e8ne s\u2019est d\u00e9roul\u00e9e au stade du 28 septembre, apr\u00e8s la s\u00e9ance d\u2019entra\u00eenement de ce jeudi.<\/p>\n<p><em><strong>\u00ab Le bus du Syli s\u2019est fait attaqu\u00e9 du stade \u00e0 l\u2019h\u00f4tel\u2026 par un groupe de jeunes. Les membres du staff ont \u00e9t\u00e9 insult\u00e9s nomm\u00e9ment. Les Aly Tour\u00e9, Mandjou Diallo, K\u00e9moko Camara, beaucoup de personnes y compris les joueurs qui ont \u00e9t\u00e9 insult\u00e9s p\u00e8re et m\u00e8re<\/strong><\/em>. \u201d d\u00e9plore l\u2019officier m\u00e9dia l\u2019\u00e9quipe nationale, joint ce vendredi par <em>CIS FM. <\/em><\/p>\n<p>Il faut pr\u00e9ciser que le match contre le maroc du 6 septembre prochain au Stade G\u00e9n\u00e9ral Lansana Cont\u00e9 de Nongo se jouera sans supporters. Sinon, Naby Keita et ses co\u00e9quipiers pourraient essayer des siflets de la part des fans.<\/p>\n<p><strong>Mohamed LAMINE TOUR\u00c9<\/strong> <\/p>\n<p>L\u2019article <a rel=\"nofollow\" href=\"https:\/\/guineefoot.info\/le-syli-pris-a-parti-a-conakry-par-un-groupe-de-supporters-mecontents\/\">Le Syli pris \u00e0 parti \u00e0 Conakry par un groupe de supporters m\u00e9contents<\/a> est apparu en premier sur <a rel=\"nofollow\" href=\"https:\/\/guineefoot.info\/\">Guineefoot<\/a>.<\/p>\n<\/div>\n","protected":false},"excerpt":{"rendered":"<p>CONAKRY- Apr\u00e8s le nul (1-1) conc\u00e9d\u00e9 en Mauritanie contre la Guin\u00e9e-Bissau, le Syli National a regagn\u00e9 aussit\u00f4t Conakry dans un vol special pour pr\u00e9parer son match de la 2\u00e8me journ\u00e9e des \u00e9liminatoires de la coupe du monde 2022 au Qatar. Le groupe a \u00e9t\u00e9 pris \u00e0 parti par un groupe de supporters m\u00e9content, qui aurait &hellip;<\/p>\n","protected":false},"author":1,"featured_media":0,"comment_status":"closed","ping_status":"closed","sticky":false,"template":"","format":"standard","meta":{"footnotes":""},"categories":[4],"tags":[],"_links":{"self":[{"href":"https:\/\/de.ambaguinee.org\/index.php?rest_route=\/wp\/v2\/posts\/14829"}],"collection":[{"href":"https:\/\/de.ambaguinee.org\/index.php?rest_route=\/wp\/v2\/posts"}],"about":[{"href":"https:\/\/de.ambaguinee.org\/index.php?rest_route=\/wp\/v2\/types\/post"}],"author":[{"embeddable":true,"href":"https:\/\/de.ambaguinee.org\/index.php?rest_route=\/wp\/v2\/users\/1"}],"replies":[{"embeddable":true,"href":"https:\/\/de.ambaguinee.org\/index.php?rest_route=%2Fwp%2Fv2%2Fcomments&post=14829"}],"version-history":[{"count":0,"href":"https:\/\/de.ambaguinee.org\/index.php?rest_route=\/wp\/v2\/posts\/14829\/revisions"}],"wp:attachment":[{"href":"https:\/\/de.ambaguinee.org\/index.php?rest_route=%2Fwp%2Fv2%2Fmedia&parent=14829"}],"wp:term":[{"taxonomy":"category","embeddable":true,"href":"https:\/\/de.ambaguinee.org\/index.php?rest_route=%2Fwp%2Fv2%2Fcategories&post=14829"},{"taxonomy":"post_tag","embeddable":true,"href":"https:\/\/de.ambaguinee.org\/index.php?rest_route=%2Fwp%2Fv2%2Ftags&post=14829"}],"curies":[{"name":"wp","href":"https:\/\/api.w.org\/{rel}","templated":true}]}}