{"id":15369,"date":"2021-09-15T23:01:03","date_gmt":"2021-09-15T21:01:03","guid":{"rendered":"https:\/\/de.ambaguinee.org\/?p=15369"},"modified":"2021-09-15T23:01:03","modified_gmt":"2021-09-15T21:01:03","slug":"labe-faute-de-rancon-ils-tuent-un-enfant-en-le-jetant-dans-un-puits","status":"publish","type":"post","link":"https:\/\/de.ambaguinee.org\/?p=15369","title":{"rendered":"Lab\u00e9: faute de ran\u00e7on, ils tuent un enfant en le jetant dans un puits"},"content":{"rendered":"<div>\n<p>Suite aux enqu\u00eates men\u00e9es par l\u2019Escadron mobile N\u00b0 8 de Lab\u00e9, au moins 4 pr\u00e9sum\u00e9s kidnappeurs de Ousmane Bald\u00e9 ont \u00e9t\u00e9 arr\u00eat\u00e9s ce mercredi 15 septembre 2021. Parmi eux, il y a le pr\u00e9sum\u00e9 neveu du p\u00e8re de l\u2019enfant en service \u00e0 la Bicigui de Lab\u00e9. <\/p>\n<p>Apr\u00e8s plusieurs heures d\u2019interrogatoire, ils ont finalement reconnu avoir jet\u00e9 l\u2019enfant dans un puits. Mais malheureusement, c\u2019est un corps sans vie qui a \u00e9t\u00e9 d\u00e9couvert cet apr\u00e8s-midi. <\/p>\n<p>Au moment o\u00f9 nous mettions cette d\u00e9p\u00eache en ligne, les pr\u00e9venus \u00e9taient sur le point d\u2019\u00eatre transf\u00e9r\u00e9s \u00e0 la prison civile de Lab\u00e9.<\/p>\n<p><strong>Tidiane Diallo, correspondant \u00e0 Lab\u00e9<\/strong><\/p>\n<p>L\u2019article <a rel=\"nofollow\" href=\"https:\/\/mediaguinee.org\/labe-faute-de-rancon-ils-tuent-un-enfant-en-le-jetant-dans-un-puits\/\">Lab\u00e9: faute de ran\u00e7on, ils tuent un enfant en le jetant dans un puits<\/a> est apparu en premier sur <a rel=\"nofollow\" href=\"https:\/\/mediaguinee.org\/\">Mediaguinee.org<\/a>.<\/p>\n<\/div>\n","protected":false},"excerpt":{"rendered":"<p>Suite aux enqu\u00eates men\u00e9es par l\u2019Escadron mobile N\u00b0 8 de Lab\u00e9, au moins 4 pr\u00e9sum\u00e9s kidnappeurs de Ousmane Bald\u00e9 ont \u00e9t\u00e9 arr\u00eat\u00e9s ce mercredi 15 septembre 2021. Parmi eux, il y a le pr\u00e9sum\u00e9 neveu du p\u00e8re de l\u2019enfant en service \u00e0 la Bicigui de Lab\u00e9. Apr\u00e8s plusieurs heures d\u2019interrogatoire, ils ont finalement reconnu avoir &hellip;<\/p>\n","protected":false},"author":1,"featured_media":0,"comment_status":"closed","ping_status":"closed","sticky":false,"template":"","format":"standard","meta":{"footnotes":""},"categories":[2],"tags":[23],"_links":{"self":[{"href":"https:\/\/de.ambaguinee.org\/index.php?rest_route=\/wp\/v2\/posts\/15369"}],"collection":[{"href":"https:\/\/de.ambaguinee.org\/index.php?rest_route=\/wp\/v2\/posts"}],"about":[{"href":"https:\/\/de.ambaguinee.org\/index.php?rest_route=\/wp\/v2\/types\/post"}],"author":[{"embeddable":true,"href":"https:\/\/de.ambaguinee.org\/index.php?rest_route=\/wp\/v2\/users\/1"}],"replies":[{"embeddable":true,"href":"https:\/\/de.ambaguinee.org\/index.php?rest_route=%2Fwp%2Fv2%2Fcomments&post=15369"}],"version-history":[{"count":0,"href":"https:\/\/de.ambaguinee.org\/index.php?rest_route=\/wp\/v2\/posts\/15369\/revisions"}],"wp:attachment":[{"href":"https:\/\/de.ambaguinee.org\/index.php?rest_route=%2Fwp%2Fv2%2Fmedia&parent=15369"}],"wp:term":[{"taxonomy":"category","embeddable":true,"href":"https:\/\/de.ambaguinee.org\/index.php?rest_route=%2Fwp%2Fv2%2Fcategories&post=15369"},{"taxonomy":"post_tag","embeddable":true,"href":"https:\/\/de.ambaguinee.org\/index.php?rest_route=%2Fwp%2Fv2%2Ftags&post=15369"}],"curies":[{"name":"wp","href":"https:\/\/api.w.org\/{rel}","templated":true}]}}