{"id":15694,"date":"2021-09-21T23:03:06","date_gmt":"2021-09-21T21:03:06","guid":{"rendered":"https:\/\/de.ambaguinee.org\/?p=15694"},"modified":"2021-09-21T23:03:06","modified_gmt":"2021-09-21T21:03:06","slug":"elimi-mondial-feminin-u-20-le-match-guinee-sierra-leone-delocalise-a-dakar","status":"publish","type":"post","link":"https:\/\/de.ambaguinee.org\/?p=15694","title":{"rendered":"\u00c9limi\/Mondial Feminin U-20 : le match Guin\u00e9e-Sierra-L\u00e9one d\u00e9localis\u00e9 \u00e0 Dakar"},"content":{"rendered":"<div>\n<p><strong>DAKAR- Apr\u00e8s la d\u00e9cision de la CAF suspendant tous les matches internationaux \u00e0 Conakry pour des raisons s\u00e9curitaires apr\u00e8s le coup d\u2019Etat du 5 septembre dernier, les cons\u00e9quences sont d\u00e9j\u00e0 palpables sur le terrain. Le Syli National F\u00e9minin des moins de 20 ans, qui devait recevoir son homologue de la Sierra-L\u00e9one le 25 septembre prochain \u00e0 Conakry, va devoir se d\u00e9placer. <\/strong><\/p>\n<p>C\u2019est finalement \u00e0 Dakar au S\u00e9n\u00e9gal que l\u2019\u00e9quipe de dame C\u00e9cile Kourouma va accueillir la Sierra-L\u00e9one pour le match Aller de ces \u00e9liminatoires du mondial 2022 au Costa-Rica. <\/p>\n<p>\u201c<em><strong>Faisant suite \u00e0 la demande de la F\u00e9d\u00e9ration Guin\u00e9enne de Football, la Conf\u00e9d\u00e9ration Africaine de Football (CAF) et la F\u00e9d\u00e9ration S\u00e9n\u00e9galaise de Football ont donn\u00e9 leurs accords ce lundi 20 septembre, pour que le match aller Guin\u00e9e vs Sierra Leone se dispute \u00e0 Dakar le samedi 25 septembre. Le Minist\u00e8re des Sports et la F\u00e9d\u00e9ration sont en train de prendre les dispositions n\u00e9cessaires, afin que le Syli National F\u00e9minin U-20 puisse rallier la capitale s\u00e9n\u00e9galaise le plus rapidement possible.\u201d<\/strong><\/em> informe la F\u00e9d\u00e9ration Guin\u00e9enne de Football.<\/p>\n<p>A pr\u00e9ciser que le match retour aura lieu le week-end du 7 au 9 octobre prochain \u00e0 Freetown. Le Syli F\u00e9minin est d\u00e9j\u00e0 en regroupement dans la capitale Guin\u00e9enne et peaufine les derniers r\u00e9glages en vue de cette double confrontation. <\/p>\n<p><strong>Mohamed LAMINE TOUR\u00c9<\/strong> <\/p>\n<p>L\u2019article <a rel=\"nofollow\" href=\"https:\/\/guineefoot.info\/elimi-mondial-feminin-u-20-le-match-guinee-sierra-leone-delocalise-a-dakar\/\">\u00c9limi\/Mondial Feminin U-20 : le match Guin\u00e9e-Sierra-L\u00e9one d\u00e9localis\u00e9 \u00e0 Dakar<\/a> est apparu en premier sur <a rel=\"nofollow\" href=\"https:\/\/guineefoot.info\/\">Guineefoot<\/a>.<\/p>\n<\/div>\n","protected":false},"excerpt":{"rendered":"<p>DAKAR- Apr\u00e8s la d\u00e9cision de la CAF suspendant tous les matches internationaux \u00e0 Conakry pour des raisons s\u00e9curitaires apr\u00e8s le coup d\u2019Etat du 5 septembre dernier, les cons\u00e9quences sont d\u00e9j\u00e0 palpables sur le terrain. Le Syli National F\u00e9minin des moins de 20 ans, qui devait recevoir son homologue de la Sierra-L\u00e9one le 25 septembre prochain &hellip;<\/p>\n","protected":false},"author":1,"featured_media":0,"comment_status":"closed","ping_status":"closed","sticky":false,"template":"","format":"standard","meta":{"footnotes":""},"categories":[4],"tags":[],"_links":{"self":[{"href":"https:\/\/de.ambaguinee.org\/index.php?rest_route=\/wp\/v2\/posts\/15694"}],"collection":[{"href":"https:\/\/de.ambaguinee.org\/index.php?rest_route=\/wp\/v2\/posts"}],"about":[{"href":"https:\/\/de.ambaguinee.org\/index.php?rest_route=\/wp\/v2\/types\/post"}],"author":[{"embeddable":true,"href":"https:\/\/de.ambaguinee.org\/index.php?rest_route=\/wp\/v2\/users\/1"}],"replies":[{"embeddable":true,"href":"https:\/\/de.ambaguinee.org\/index.php?rest_route=%2Fwp%2Fv2%2Fcomments&post=15694"}],"version-history":[{"count":0,"href":"https:\/\/de.ambaguinee.org\/index.php?rest_route=\/wp\/v2\/posts\/15694\/revisions"}],"wp:attachment":[{"href":"https:\/\/de.ambaguinee.org\/index.php?rest_route=%2Fwp%2Fv2%2Fmedia&parent=15694"}],"wp:term":[{"taxonomy":"category","embeddable":true,"href":"https:\/\/de.ambaguinee.org\/index.php?rest_route=%2Fwp%2Fv2%2Fcategories&post=15694"},{"taxonomy":"post_tag","embeddable":true,"href":"https:\/\/de.ambaguinee.org\/index.php?rest_route=%2Fwp%2Fv2%2Ftags&post=15694"}],"curies":[{"name":"wp","href":"https:\/\/api.w.org\/{rel}","templated":true}]}}