{"id":15818,"date":"2021-09-23T23:02:23","date_gmt":"2021-09-23T21:02:23","guid":{"rendered":"https:\/\/de.ambaguinee.org\/?p=15818"},"modified":"2021-09-23T23:02:23","modified_gmt":"2021-09-23T21:02:23","slug":"bouna-sarr-choisit-le-senegal-au-detriment-de-la-guinee-medias","status":"publish","type":"post","link":"https:\/\/de.ambaguinee.org\/?p=15818","title":{"rendered":"Bouna SARR choisit le S\u00e9n\u00e9gal au d\u00e9triment de la Guin\u00e9e (m\u00e9dias)"},"content":{"rendered":"<div>\n<p><strong>DAKAR- Bouna Sarr a fini par faire un choix d\u00e9finitif sur son futur en \u00e9quipe nationale. Dans sa publication de ce jour, le quotidien s\u00e9n\u00e9galais <em>Record<\/em> confirme que le joueur du Bayern Munich rejoindra la s\u00e9lection dirig\u00e9e par Aliou Ciss\u00e9 pour les prochains matches des Lions de la Terranga.<\/strong> <\/p>\n<p>Longtemps approch\u00e9 par la Guin\u00e9e afin de d\u00e9fendre les couleurs du Syli, Bouna Sarr tourne donc d\u00e9finitivement le dos au pays avec lequel il est \u00e9ligible, lui dont les parents seraient originaires de Gaoual dans la r\u00e9gion de Bok\u00e9. <\/p>\n<figure class=\"wp-block-image size-large is-resized\"><img loading=\"lazy\"src=\"https:\/\/de.ambaguinee.org\/wp-content\/uploads\/2021\/09\/inbound2081266094595725872.jpg\" alt=\"\" class=\"wp-image-36594\" width=\"615\" height=\"935\" srcset=\"https:\/\/guineefootbucket.s3.eu-west-1.amazonaws.com\/wp-content\/uploads\/2021\/09\/23094942\/inbound2081266094595725872-673x1024.jpg 673w, https:\/\/guineefootbucket.s3.eu-west-1.amazonaws.com\/wp-content\/uploads\/2021\/09\/23094942\/inbound2081266094595725872-197x300.jpg 197w, https:\/\/guineefootbucket.s3.eu-west-1.amazonaws.com\/wp-content\/uploads\/2021\/09\/23094942\/inbound2081266094595725872-768x1169.jpg 768w, https:\/\/guineefootbucket.s3.eu-west-1.amazonaws.com\/wp-content\/uploads\/2021\/09\/23094942\/inbound2081266094595725872-600x913.jpg 600w, https:\/\/de.ambaguinee.org\/wp-content\/uploads\/2021\/09\/inbound2081266094595725872.jpg 851w\" sizes=\"(max-width: 615px) 100vw, 615px\"><\/figure>\n<p><strong><em>GUINEEFOOT.INFO<\/em><\/strong> <\/p>\n<p>L\u2019article <a rel=\"nofollow\" href=\"https:\/\/guineefoot.info\/bouna-sarr-choisit-le-senegal-au-detriment-de-la-guinee-medias\/\">Bouna SARR choisit le S\u00e9n\u00e9gal au d\u00e9triment de la Guin\u00e9e (m\u00e9dias)<\/a> est apparu en premier sur <a rel=\"nofollow\" href=\"https:\/\/guineefoot.info\/\">Guineefoot<\/a>.<\/p>\n<\/div>\n","protected":false},"excerpt":{"rendered":"<p>DAKAR- Bouna Sarr a fini par faire un choix d\u00e9finitif sur son futur en \u00e9quipe nationale. Dans sa publication de ce jour, le quotidien s\u00e9n\u00e9galais Record confirme que le joueur du Bayern Munich rejoindra la s\u00e9lection dirig\u00e9e par Aliou Ciss\u00e9 pour les prochains matches des Lions de la Terranga. Longtemps approch\u00e9 par la Guin\u00e9e afin &hellip;<\/p>\n","protected":false},"author":1,"featured_media":0,"comment_status":"closed","ping_status":"closed","sticky":false,"template":"","format":"standard","meta":{"footnotes":""},"categories":[4],"tags":[],"_links":{"self":[{"href":"https:\/\/de.ambaguinee.org\/index.php?rest_route=\/wp\/v2\/posts\/15818"}],"collection":[{"href":"https:\/\/de.ambaguinee.org\/index.php?rest_route=\/wp\/v2\/posts"}],"about":[{"href":"https:\/\/de.ambaguinee.org\/index.php?rest_route=\/wp\/v2\/types\/post"}],"author":[{"embeddable":true,"href":"https:\/\/de.ambaguinee.org\/index.php?rest_route=\/wp\/v2\/users\/1"}],"replies":[{"embeddable":true,"href":"https:\/\/de.ambaguinee.org\/index.php?rest_route=%2Fwp%2Fv2%2Fcomments&post=15818"}],"version-history":[{"count":0,"href":"https:\/\/de.ambaguinee.org\/index.php?rest_route=\/wp\/v2\/posts\/15818\/revisions"}],"wp:attachment":[{"href":"https:\/\/de.ambaguinee.org\/index.php?rest_route=%2Fwp%2Fv2%2Fmedia&parent=15818"}],"wp:term":[{"taxonomy":"category","embeddable":true,"href":"https:\/\/de.ambaguinee.org\/index.php?rest_route=%2Fwp%2Fv2%2Fcategories&post=15818"},{"taxonomy":"post_tag","embeddable":true,"href":"https:\/\/de.ambaguinee.org\/index.php?rest_route=%2Fwp%2Fv2%2Ftags&post=15818"}],"curies":[{"name":"wp","href":"https:\/\/api.w.org\/{rel}","templated":true}]}}