{"id":15820,"date":"2021-09-23T23:02:25","date_gmt":"2021-09-23T21:02:25","guid":{"rendered":"https:\/\/de.ambaguinee.org\/?p=15820"},"modified":"2021-09-23T23:02:25","modified_gmt":"2021-09-23T21:02:25","slug":"ibrahima-traore-en-essai-dans-un-club-de-d2-allemande","status":"publish","type":"post","link":"https:\/\/de.ambaguinee.org\/?p=15820","title":{"rendered":"Ibrahima Traor\u00e9 en essai dans un club de D2 Allemande"},"content":{"rendered":"<div>\n<p><strong>DRESDE- Apr\u00e8s avoir pass\u00e9 sept (7) ans avec le Borussia Monchengladbach, Ibrahima Traor\u00e9 a r\u00e9cemment quitt\u00e9 cette \u00e9quipe et le joueur reste sans club. L\u2019ancien capitaine du Syli National de Guin\u00e9e pourrait pouvoir bient\u00f4t reprendre le chemin des stades<\/strong>. <\/p>\n<p>Ce jeudi, Ibrahima Traor\u00e9 s\u2019est entra\u00een\u00e9 avec SG Dynamo Dresde, \u00e9quipe pensionnaire de la Bundesliga 2 (deuxi\u00e8me division). L\u2019ex de Stauttgart continuera ainsi \u00e0 s\u2019entra\u00eener avec cette \u00e9quipe pendant 3 jours, selon les informations relay\u00e9es par le club sur son site. Il pourrait y signer un contrat \u00e0 l\u2019issue de son essai si ce dernier est concluant.<\/p>\n<p>A 33 ans, Ibrahima Traor\u00e9 qui \u00e9tait consid\u00e9r\u00e9 comme le Messi guin\u00e9en, n\u2019est donc pas pr\u00eat \u00e0 raccrocher les crampons. <\/p>\n<p><strong>ALPHA DIALLO<\/strong> <\/p>\n<p>L\u2019article <a rel=\"nofollow\" href=\"https:\/\/guineefoot.info\/ibrahima-traore-en-essai-dans-un-club-de-d2-allemande\/\">Ibrahima Traor\u00e9 en essai dans un club de D2 Allemande<\/a> est apparu en premier sur <a rel=\"nofollow\" href=\"https:\/\/guineefoot.info\/\">Guineefoot<\/a>.<\/p>\n<\/div>\n","protected":false},"excerpt":{"rendered":"<p>DRESDE- Apr\u00e8s avoir pass\u00e9 sept (7) ans avec le Borussia Monchengladbach, Ibrahima Traor\u00e9 a r\u00e9cemment quitt\u00e9 cette \u00e9quipe et le joueur reste sans club. L\u2019ancien capitaine du Syli National de Guin\u00e9e pourrait pouvoir bient\u00f4t reprendre le chemin des stades. Ce jeudi, Ibrahima Traor\u00e9 s\u2019est entra\u00een\u00e9 avec SG Dynamo Dresde, \u00e9quipe pensionnaire de la Bundesliga 2 &hellip;<\/p>\n","protected":false},"author":1,"featured_media":0,"comment_status":"closed","ping_status":"closed","sticky":false,"template":"","format":"standard","meta":{"footnotes":""},"categories":[4],"tags":[],"_links":{"self":[{"href":"https:\/\/de.ambaguinee.org\/index.php?rest_route=\/wp\/v2\/posts\/15820"}],"collection":[{"href":"https:\/\/de.ambaguinee.org\/index.php?rest_route=\/wp\/v2\/posts"}],"about":[{"href":"https:\/\/de.ambaguinee.org\/index.php?rest_route=\/wp\/v2\/types\/post"}],"author":[{"embeddable":true,"href":"https:\/\/de.ambaguinee.org\/index.php?rest_route=\/wp\/v2\/users\/1"}],"replies":[{"embeddable":true,"href":"https:\/\/de.ambaguinee.org\/index.php?rest_route=%2Fwp%2Fv2%2Fcomments&post=15820"}],"version-history":[{"count":0,"href":"https:\/\/de.ambaguinee.org\/index.php?rest_route=\/wp\/v2\/posts\/15820\/revisions"}],"wp:attachment":[{"href":"https:\/\/de.ambaguinee.org\/index.php?rest_route=%2Fwp%2Fv2%2Fmedia&parent=15820"}],"wp:term":[{"taxonomy":"category","embeddable":true,"href":"https:\/\/de.ambaguinee.org\/index.php?rest_route=%2Fwp%2Fv2%2Fcategories&post=15820"},{"taxonomy":"post_tag","embeddable":true,"href":"https:\/\/de.ambaguinee.org\/index.php?rest_route=%2Fwp%2Fv2%2Ftags&post=15820"}],"curies":[{"name":"wp","href":"https:\/\/api.w.org\/{rel}","templated":true}]}}