{"id":15969,"date":"2021-09-26T23:01:15","date_gmt":"2021-09-26T21:01:15","guid":{"rendered":"https:\/\/de.ambaguinee.org\/?p=15969"},"modified":"2021-09-26T23:01:15","modified_gmt":"2021-09-26T21:01:15","slug":"seydouba-soumah-resilie-son-contrat-avec-partizan-le-coach-na-pas-voulu-de-moi","status":"publish","type":"post","link":"https:\/\/de.ambaguinee.org\/?p=15969","title":{"rendered":"Seydouba Soumah r\u00e9silie son contrat avec Partizan : \u201cle coach n\u2019a pas voulu de moi\u201d"},"content":{"rendered":"<div>\n<p><strong>BELGRADE<\/strong>\u2013 <strong>C\u2019est la fin de l\u2019histoire entre Seydouba Soumah et le Partizan Belgrade. Le club  serbe vient d\u2019annoncer la r\u00e9siliation du contrat du guin\u00e9en. Ce dernier et les Serbes ont trouv\u00e9 un accord pour se s\u00e9parer \u00e0 l\u2019amiable<\/strong>. <\/p>\n<p>Seydouba Soumah (30 ans), pointe du doigt le climat tendu entre lui et son nouvel entra\u00eeneur pour justifier cette s\u00e9paration. <\/p>\n<p><strong><em>\u00ab La r\u00e9siliation du contrat vient de l\u2019accord des deux cot\u00e9s. Le coach, depuis son arriv\u00e9e, n\u2019a pas voulu de moi. Il me l\u2019a fait savoir par toutes les mani\u00e8res. Et quand les m\u00e9dias lui demandent, il remet la faute sur moi. La direction ne voulait pas me laisser mais compte tenu de la position de l\u2019entra\u00eeneur Stanojevic, nous avons d\u00e9cid\u00e9 ensemble de nous s\u00e9parer \u00bb <\/em><\/strong>se justifie l\u2019attaquant guin\u00e9en sur <em>Rarilinews<\/em>, alors d\u2019autres sources \u00e9voquent des raisons purement disciplinaires apr\u00e8s un comportement ind\u00e9cent du joueur.<\/p>\n<p>Seydouba Soumah \u201c<em>Konkolet<\/em>\u201d est donc pr\u00e9sentement sans club, et devra vite trouver un point de chute pour esp\u00e9rer revenir en s\u00e9lection nationale de Guin\u00e9e. <\/p>\n<p><strong><em>GUINEEFOOT.INFO<\/em><\/strong> <\/p>\n<\/p>\n<p>L\u2019article <a rel=\"nofollow\" href=\"https:\/\/guineefoot.info\/seydouba-soumah-resilie-son-contrat-avec-partizan-le-coach-na-pas-voulu-de-moi\/\">Seydouba Soumah r\u00e9silie son contrat avec Partizan : \u201cle coach n\u2019a pas voulu de moi\u201d<\/a> est apparu en premier sur <a rel=\"nofollow\" href=\"https:\/\/guineefoot.info\/\">Guineefoot<\/a>.<\/p>\n<\/div>\n","protected":false},"excerpt":{"rendered":"<p>BELGRADE\u2013 C\u2019est la fin de l\u2019histoire entre Seydouba Soumah et le Partizan Belgrade. Le club serbe vient d\u2019annoncer la r\u00e9siliation du contrat du guin\u00e9en. Ce dernier et les Serbes ont trouv\u00e9 un accord pour se s\u00e9parer \u00e0 l\u2019amiable. Seydouba Soumah (30 ans), pointe du doigt le climat tendu entre lui et son nouvel entra\u00eeneur pour &hellip;<\/p>\n","protected":false},"author":1,"featured_media":0,"comment_status":"closed","ping_status":"closed","sticky":false,"template":"","format":"standard","meta":{"footnotes":""},"categories":[4],"tags":[],"_links":{"self":[{"href":"https:\/\/de.ambaguinee.org\/index.php?rest_route=\/wp\/v2\/posts\/15969"}],"collection":[{"href":"https:\/\/de.ambaguinee.org\/index.php?rest_route=\/wp\/v2\/posts"}],"about":[{"href":"https:\/\/de.ambaguinee.org\/index.php?rest_route=\/wp\/v2\/types\/post"}],"author":[{"embeddable":true,"href":"https:\/\/de.ambaguinee.org\/index.php?rest_route=\/wp\/v2\/users\/1"}],"replies":[{"embeddable":true,"href":"https:\/\/de.ambaguinee.org\/index.php?rest_route=%2Fwp%2Fv2%2Fcomments&post=15969"}],"version-history":[{"count":0,"href":"https:\/\/de.ambaguinee.org\/index.php?rest_route=\/wp\/v2\/posts\/15969\/revisions"}],"wp:attachment":[{"href":"https:\/\/de.ambaguinee.org\/index.php?rest_route=%2Fwp%2Fv2%2Fmedia&parent=15969"}],"wp:term":[{"taxonomy":"category","embeddable":true,"href":"https:\/\/de.ambaguinee.org\/index.php?rest_route=%2Fwp%2Fv2%2Fcategories&post=15969"},{"taxonomy":"post_tag","embeddable":true,"href":"https:\/\/de.ambaguinee.org\/index.php?rest_route=%2Fwp%2Fv2%2Ftags&post=15969"}],"curies":[{"name":"wp","href":"https:\/\/api.w.org\/{rel}","templated":true}]}}