{"id":16392,"date":"2021-10-08T23:02:13","date_gmt":"2021-10-08T21:02:13","guid":{"rendered":"https:\/\/de.ambaguinee.org\/?p=16392"},"modified":"2021-10-08T23:02:13","modified_gmt":"2021-10-08T21:02:13","slug":"transfert-seydouba-soumah-konkolet-atterrit-au-koweit","status":"publish","type":"post","link":"https:\/\/de.ambaguinee.org\/?p=16392","title":{"rendered":"Transfert : Seydouba Soumah Konkolet atterrit au Kowe\u00eft"},"content":{"rendered":"<div>\n<p><strong>KOWEIT- C\u2019est dans le championnat\u2026Kowe\u00eftien que Seydouba Soumah <em>Konkolet<\/em> \u00e9voluera cette saison. L\u2019attaquant guin\u00e9en de 30 ans, qui a r\u00e9cemment quitt\u00e9 la Serbie et le Partizan Belgrade, vient de rebondir au sein de Kuwait SC, en D1. <\/strong><\/p>\n<p>La dur\u00e9e de son contrat avec sa nouvelle \u00e9quipe n\u2019a pas \u00e9t\u00e9 d\u00e9voil\u00e9e, et le joueur arrive libre de tout engagement. Il portera le num\u00e9ro 30 sous ses nouvelles couleurs. En rejoignant le Kowe\u00eft, Seydouba Soumah va-t-il toujours b\u00e9n\u00e9ficier de la confiance du staff technique du Syli ?<\/p>\n<figure class=\"wp-block-image size-large\"><img loading=\"lazy\" width=\"837\" height=\"1024\"src=\"https:\/\/de.ambaguinee.org\/wp-content\/uploads\/2021\/10\/inbound7135227075514170739.jpg\" alt=\"\" class=\"wp-image-36877\" srcset=\"https:\/\/guineefootbucket.s3.eu-west-1.amazonaws.com\/wp-content\/uploads\/2021\/10\/07230033\/inbound7135227075514170739-837x1024.jpg 837w, https:\/\/guineefootbucket.s3.eu-west-1.amazonaws.com\/wp-content\/uploads\/2021\/10\/07230033\/inbound7135227075514170739-245x300.jpg 245w, https:\/\/guineefootbucket.s3.eu-west-1.amazonaws.com\/wp-content\/uploads\/2021\/10\/07230033\/inbound7135227075514170739-768x940.jpg 768w, https:\/\/guineefootbucket.s3.eu-west-1.amazonaws.com\/wp-content\/uploads\/2021\/10\/07230033\/inbound7135227075514170739-1256x1536.jpg 1256w, https:\/\/guineefootbucket.s3.eu-west-1.amazonaws.com\/wp-content\/uploads\/2021\/10\/07230033\/inbound7135227075514170739-600x734.jpg 600w, https:\/\/de.ambaguinee.org\/wp-content\/uploads\/2021\/10\/inbound7135227075514170739.jpg 1674w\" sizes=\"(max-width: 837px) 100vw, 837px\"><\/figure>\n<p><strong>ALPHA DIALO<\/strong><\/p>\n<p>L\u2019article <a rel=\"nofollow\" href=\"https:\/\/guineefoot.info\/transfert-seydouba-soumah-atterrit-au-koweit\/\">Transfert : Seydouba Soumah Konkolet atterrit au Kowe\u00eft<\/a> est apparu en premier sur <a rel=\"nofollow\" href=\"https:\/\/guineefoot.info\/\">Guineefoot<\/a>.<\/p>\n<\/div>\n","protected":false},"excerpt":{"rendered":"<p>KOWEIT- C\u2019est dans le championnat\u2026Kowe\u00eftien que Seydouba Soumah Konkolet \u00e9voluera cette saison. L\u2019attaquant guin\u00e9en de 30 ans, qui a r\u00e9cemment quitt\u00e9 la Serbie et le Partizan Belgrade, vient de rebondir au sein de Kuwait SC, en D1. La dur\u00e9e de son contrat avec sa nouvelle \u00e9quipe n\u2019a pas \u00e9t\u00e9 d\u00e9voil\u00e9e, et le joueur arrive libre &hellip;<\/p>\n","protected":false},"author":1,"featured_media":0,"comment_status":"closed","ping_status":"closed","sticky":false,"template":"","format":"standard","meta":{"footnotes":""},"categories":[4],"tags":[],"_links":{"self":[{"href":"https:\/\/de.ambaguinee.org\/index.php?rest_route=\/wp\/v2\/posts\/16392"}],"collection":[{"href":"https:\/\/de.ambaguinee.org\/index.php?rest_route=\/wp\/v2\/posts"}],"about":[{"href":"https:\/\/de.ambaguinee.org\/index.php?rest_route=\/wp\/v2\/types\/post"}],"author":[{"embeddable":true,"href":"https:\/\/de.ambaguinee.org\/index.php?rest_route=\/wp\/v2\/users\/1"}],"replies":[{"embeddable":true,"href":"https:\/\/de.ambaguinee.org\/index.php?rest_route=%2Fwp%2Fv2%2Fcomments&post=16392"}],"version-history":[{"count":0,"href":"https:\/\/de.ambaguinee.org\/index.php?rest_route=\/wp\/v2\/posts\/16392\/revisions"}],"wp:attachment":[{"href":"https:\/\/de.ambaguinee.org\/index.php?rest_route=%2Fwp%2Fv2%2Fmedia&parent=16392"}],"wp:term":[{"taxonomy":"category","embeddable":true,"href":"https:\/\/de.ambaguinee.org\/index.php?rest_route=%2Fwp%2Fv2%2Fcategories&post=16392"},{"taxonomy":"post_tag","embeddable":true,"href":"https:\/\/de.ambaguinee.org\/index.php?rest_route=%2Fwp%2Fv2%2Ftags&post=16392"}],"curies":[{"name":"wp","href":"https:\/\/api.w.org\/{rel}","templated":true}]}}