{"id":16395,"date":"2021-10-08T23:02:16","date_gmt":"2021-10-08T21:02:16","guid":{"rendered":"https:\/\/de.ambaguinee.org\/?p=16395"},"modified":"2021-10-08T23:02:16","modified_gmt":"2021-10-08T21:02:16","slug":"didier-six-malade-il-a-la-meningite-et-est-hospitalise","status":"publish","type":"post","link":"https:\/\/de.ambaguinee.org\/?p=16395","title":{"rendered":"Didier Six malade : \u201cil a la m\u00e9ningite et est hospitalis\u00e9\u201d"},"content":{"rendered":"<div>\n<p><strong>AGADIR- Pour la deuxi\u00e8me fois de suite, Didier Six n\u2019a pu diriger la s\u00e9ance d\u2019entra\u00eenement du Syli National \u00e0 Agadir au Maroc<\/strong>. <\/p>\n<p>C\u2019est Kaba Diawara et Mandjou Diallo qui \u00e9taient les ma\u00eetres des lieux ce vendredi lors de cette s\u00e9ance, \u00e0 quelques heures du match de la quatri\u00e8me journ\u00e9e des \u00e9liminatoires du mondial 2022 contre le Soudan. Le s\u00e9lectionneur guin\u00e9en ne sera donc pas sur le banc ce samedi \u00e0 13hGMT pour ce match contre le Soudan. Malade, le fran\u00e7ais est hospitalis\u00e9 et souffre de la m\u00e9ningite. <\/p>\n<p><em><strong>\u00ab Il a \u00e9t\u00e9 hospitalis\u00e9 comme vous le savez. Je pense qu\u2019on est sur une piste d\u2019une m\u00e9ningite mais non virale. C\u2019est-\u00e0-dire pas transmissible qui est une m\u00e9ningite dite bact\u00e9rienne qui peut s\u2019attraper malheureusement un peu partout. On esp\u00e8re qu\u2019il va se r\u00e9tablir et on lui envoie des messages de prompt r\u00e9tablissement . On est tous derri\u00e8re lui pour que sa sant\u00e9 s\u2019am\u00e9liore. Il a \u00e9t\u00e9 pris en charge par les \u00e9quipes m\u00e9dicales. On l\u2019a mis \u00e0 l\u2019h\u00f4pital pour lui faire les examens appropri\u00e9s. Je pense qu\u2019il va \u00eatre stabilis\u00e9 et qu\u2019il va vite se r\u00e9tablir<\/strong> \u00bb\u00a0<\/em>a fait savoir Bruno Da Cruz, m\u00e9decin de l\u2019\u00e9quipe s\u00e9nior de Guin\u00e9e, sur <em>Foot224<\/em>.<\/p>\n<p>Selon la F\u00e9d\u00e9ration Guin\u00e9enne de Football, Didier Six sera absent po 5 jours, ce qui veut dire qu\u2019il sera donc out pour le match contre le Maroc pr\u00e9vu le 12 octobre prochain.<\/p>\n<p>Le duo Kaba Diawara-Mandjou Diallo sera donc aux manettes contre le Soudan et les Lions de l\u2019Atlas du Maroc. Une premi\u00e8re qui, en cas de r\u00e9sultat positif, pourrait certainement \u00eatre sollicit\u00e9e pour la suite. <\/p>\n<p><strong>Mohamed LAMINE TOUR\u00c9<\/strong> <\/p>\n<p>L\u2019article <a rel=\"nofollow\" href=\"https:\/\/guineefoot.info\/didier-six-malade-il-a-la-meningite-et-est-hospitalise\/\">Didier Six malade : \u201cil a la m\u00e9ningite et est hospitalis\u00e9\u201d<\/a> est apparu en premier sur <a rel=\"nofollow\" href=\"https:\/\/guineefoot.info\/\">Guineefoot<\/a>.<\/p>\n<\/div>\n","protected":false},"excerpt":{"rendered":"<p>AGADIR- Pour la deuxi\u00e8me fois de suite, Didier Six n\u2019a pu diriger la s\u00e9ance d\u2019entra\u00eenement du Syli National \u00e0 Agadir au Maroc. C\u2019est Kaba Diawara et Mandjou Diallo qui \u00e9taient les ma\u00eetres des lieux ce vendredi lors de cette s\u00e9ance, \u00e0 quelques heures du match de la quatri\u00e8me journ\u00e9e des \u00e9liminatoires du mondial 2022 contre &hellip;<\/p>\n","protected":false},"author":1,"featured_media":0,"comment_status":"closed","ping_status":"closed","sticky":false,"template":"","format":"standard","meta":{"footnotes":""},"categories":[4],"tags":[],"_links":{"self":[{"href":"https:\/\/de.ambaguinee.org\/index.php?rest_route=\/wp\/v2\/posts\/16395"}],"collection":[{"href":"https:\/\/de.ambaguinee.org\/index.php?rest_route=\/wp\/v2\/posts"}],"about":[{"href":"https:\/\/de.ambaguinee.org\/index.php?rest_route=\/wp\/v2\/types\/post"}],"author":[{"embeddable":true,"href":"https:\/\/de.ambaguinee.org\/index.php?rest_route=\/wp\/v2\/users\/1"}],"replies":[{"embeddable":true,"href":"https:\/\/de.ambaguinee.org\/index.php?rest_route=%2Fwp%2Fv2%2Fcomments&post=16395"}],"version-history":[{"count":0,"href":"https:\/\/de.ambaguinee.org\/index.php?rest_route=\/wp\/v2\/posts\/16395\/revisions"}],"wp:attachment":[{"href":"https:\/\/de.ambaguinee.org\/index.php?rest_route=%2Fwp%2Fv2%2Fmedia&parent=16395"}],"wp:term":[{"taxonomy":"category","embeddable":true,"href":"https:\/\/de.ambaguinee.org\/index.php?rest_route=%2Fwp%2Fv2%2Fcategories&post=16395"},{"taxonomy":"post_tag","embeddable":true,"href":"https:\/\/de.ambaguinee.org\/index.php?rest_route=%2Fwp%2Fv2%2Ftags&post=16395"}],"curies":[{"name":"wp","href":"https:\/\/api.w.org\/{rel}","templated":true}]}}