{"id":16491,"date":"2021-10-12T23:02:38","date_gmt":"2021-10-12T21:02:38","guid":{"rendered":"https:\/\/de.ambaguinee.org\/?p=16491"},"modified":"2021-10-12T23:02:38","modified_gmt":"2021-10-12T21:02:38","slug":"didier-six-dement-la-feguifoot-je-suis-toujours-hospitalise-a-agadir","status":"publish","type":"post","link":"https:\/\/de.ambaguinee.org\/?p=16491","title":{"rendered":"Didier Six d\u00e9ment la F\u00e9guifoot : \u00ab\u00a0Je suis toujours hospitalis\u00e9 \u00e0 Agadir \u00ab\u00a0"},"content":{"rendered":"<div>\n<p><strong>AGADIR- C\u2019est ce qu\u2019on appelle erreur de communication de la part de la cellule de communication de la F\u00e9d\u00e9ration Guin\u00e9enne de Football. Alors qu\u2019il \u00e9tait annonc\u00e9 du c\u00f4t\u00e9 de la C\u00f4te d\u2019Ivoire dans la nuit de lundi \u00e0 mardi, au pr\u00e8s de sa famille, pour continuer sa convalescence, Didier Six est toujours \u00e0 Agadir<\/strong>. <\/p>\n<p>Le technicien fran\u00e7ais est toujours hospitalis\u00e9 dans une clinique Marocaine. C\u2019est l\u2019int\u00e9ress\u00e9 lui-m\u00eame qui vient de faire cette annonce sur ses r\u00e9seaux sociaux. <\/p>\n<p>\u00ab\u00a0<em><strong>Toujours hospitalis\u00e9 \u00e0 Agadir pour un neuropaludisme. Je remercie le personnel m\u00e9dical pour la qualit\u00e9 des soins prodigu\u00e9s. Mon \u00e9tat aisni que l\u2019avis du corps m\u00e9dical ne me permettent pas d\u2019\u00eatre aux c\u00f4t\u00e9s du Syli ce jour. Je souhaite le meilleur au syli et au staff pour notre match contre le Maroc <\/strong><\/em>\u00a0\u00bb a post\u00e9 Didier Six sur son compte Instagram. Cette sortie de Didier Six laisse dire que le s\u00e9lectionneur n\u2019est jamais sur la m\u00eame longueur d\u2019informations que la f\u00e9d\u00e9ration. Ce d\u00e9menti jette un discr\u00e9dit sur la cellule de communication de la F\u00e9guifoot. <\/p>\n<figure class=\"wp-block-image size-large\"><img loading=\"lazy\" width=\"576\" height=\"1024\"src=\"https:\/\/de.ambaguinee.org\/wp-content\/uploads\/2021\/10\/inbound8673712533994465055.jpg\" alt=\"\" class=\"wp-image-36992\" srcset=\"https:\/\/guineefootbucket.s3.eu-west-1.amazonaws.com\/wp-content\/uploads\/2021\/10\/12104904\/inbound8673712533994465055-576x1024.jpg 576w, https:\/\/guineefootbucket.s3.eu-west-1.amazonaws.com\/wp-content\/uploads\/2021\/10\/12104904\/inbound8673712533994465055-169x300.jpg 169w, https:\/\/guineefootbucket.s3.eu-west-1.amazonaws.com\/wp-content\/uploads\/2021\/10\/12104904\/inbound8673712533994465055-600x1068.jpg 600w, https:\/\/de.ambaguinee.org\/wp-content\/uploads\/2021\/10\/inbound8673712533994465055.jpg 720w\" sizes=\"(max-width: 576px) 100vw, 576px\"><\/figure>\n<p>L\u2019article <a rel=\"nofollow\" href=\"https:\/\/guineefoot.info\/didier-six-dement-la-feguifoot-je-suis-toujours-hospitalise-a-agadir\/\">Didier Six d\u00e9ment la F\u00e9guifoot : \u00ab\u00a0Je suis toujours hospitalis\u00e9 \u00e0 Agadir \u00ab\u00a0<\/a> est apparu en premier sur <a rel=\"nofollow\" href=\"https:\/\/guineefoot.info\/\">Guineefoot<\/a>.<\/p>\n<\/div>\n","protected":false},"excerpt":{"rendered":"<p>AGADIR- C\u2019est ce qu\u2019on appelle erreur de communication de la part de la cellule de communication de la F\u00e9d\u00e9ration Guin\u00e9enne de Football. Alors qu\u2019il \u00e9tait annonc\u00e9 du c\u00f4t\u00e9 de la C\u00f4te d\u2019Ivoire dans la nuit de lundi \u00e0 mardi, au pr\u00e8s de sa famille, pour continuer sa convalescence, Didier Six est toujours \u00e0 Agadir. Le &hellip;<\/p>\n","protected":false},"author":1,"featured_media":0,"comment_status":"closed","ping_status":"closed","sticky":false,"template":"","format":"standard","meta":{"footnotes":""},"categories":[4],"tags":[],"_links":{"self":[{"href":"https:\/\/de.ambaguinee.org\/index.php?rest_route=\/wp\/v2\/posts\/16491"}],"collection":[{"href":"https:\/\/de.ambaguinee.org\/index.php?rest_route=\/wp\/v2\/posts"}],"about":[{"href":"https:\/\/de.ambaguinee.org\/index.php?rest_route=\/wp\/v2\/types\/post"}],"author":[{"embeddable":true,"href":"https:\/\/de.ambaguinee.org\/index.php?rest_route=\/wp\/v2\/users\/1"}],"replies":[{"embeddable":true,"href":"https:\/\/de.ambaguinee.org\/index.php?rest_route=%2Fwp%2Fv2%2Fcomments&post=16491"}],"version-history":[{"count":0,"href":"https:\/\/de.ambaguinee.org\/index.php?rest_route=\/wp\/v2\/posts\/16491\/revisions"}],"wp:attachment":[{"href":"https:\/\/de.ambaguinee.org\/index.php?rest_route=%2Fwp%2Fv2%2Fmedia&parent=16491"}],"wp:term":[{"taxonomy":"category","embeddable":true,"href":"https:\/\/de.ambaguinee.org\/index.php?rest_route=%2Fwp%2Fv2%2Fcategories&post=16491"},{"taxonomy":"post_tag","embeddable":true,"href":"https:\/\/de.ambaguinee.org\/index.php?rest_route=%2Fwp%2Fv2%2Ftags&post=16491"}],"curies":[{"name":"wp","href":"https:\/\/api.w.org\/{rel}","templated":true}]}}