{"id":16952,"date":"2021-10-27T23:06:27","date_gmt":"2021-10-27T21:06:27","guid":{"rendered":"https:\/\/de.ambaguinee.org\/?p=16952"},"modified":"2021-10-27T23:06:27","modified_gmt":"2021-10-27T21:06:27","slug":"didier-six-limoge-une-decision-sera-prise-a-cet-effet-dans-un-delai-tres-court-precise-la-feguifoot","status":"publish","type":"post","link":"https:\/\/de.ambaguinee.org\/?p=16952","title":{"rendered":"Didier Six limog\u00e9 ? \u00a0\u00bb Une d\u00e9cision sera prise \u00e0 cet effet, dans un d\u00e9lai tr\u00e8s court \u00a0\u00bb pr\u00e9cise la F\u00e9guifoot"},"content":{"rendered":"<div>\n<p><strong>CONAKRY- Le comit\u00e9 ex\u00e9cutif de la F\u00e9d\u00e9ration gGuin\u00e9enne de Football \u00e9tait en R\u00e9union extraordinaire ce mercredi au si\u00e8ge de la F\u00e9guifoot, \u00e0 Conakry. Plusieurs points \u00e9taient inscrits \u00e0 l\u2019ordre jour<\/strong>. <\/p>\n<p>L\u2019avenir du s\u00e9lectionneur Didier Six a \u00e9t\u00e9 discut\u00e9 par les membres de la f\u00e9d\u00e9ration. Et le moins que l\u2019on puisse dire, c\u2019est que le fran\u00e7ais ne devrait pas \u00eatre sur le banc du Syli en novembre prochain pour les deux dederni\u00e8re journ\u00e9es des \u00e9liminatoires du mondial 2022. La f\u00e9d\u00e9ration guin\u00e9enne de Football pr\u00e9cise d\u2019ailleurs que <\/p>\n<p>\u00ab\u00a0<strong><em>L\u2019avenir du s\u00e9lectionneur Didier Six et de son staff, ainsi que les prochaines \u00e9ch\u00e9ances du Syli National (matches du mois de novembre), \u00e9taient \u00e9galement \u00e0 l\u2019ordre du jour. Apr\u00e8s les \u00e9changes entre les membres du Comit\u00e9 ex\u00e9cutif, la r\u00e9union a d\u00e9cid\u00e9 qu\u2019une d\u00e9cision sera prise \u00e0 cet effet, dans un d\u00e9lai tr\u00e8s court \u00ab\u00a0<\/em><\/strong> pr\u00e9cise la F\u00e9guifoot sur ses canaux de communication. <\/p>\n<p>Pr\u00e9cisons que la f\u00e9d\u00e9ration qui aurait sur ses \u00e9paules la pression du minist\u00e8re des sports, chercherait une s\u00e9paration \u00e0 l\u2019amiable avec Didier Six qui pour le moment, ne semble pas accepter cette n\u00e9gociation. Rappelons que Didier Six est encore officiellement sous contrat avec la Guin\u00e9e.<\/p>\n<p><strong>Mohamed  LAMINE TOUR\u00c9<\/strong> <\/p>\n<p>L\u2019article <a rel=\"nofollow\" href=\"https:\/\/guineefoot.info\/didier-six-limoge-une-decision-sera-prise-a-cet-effet-dans-un-delai-tres-court-precise-la-feguifoot\/\">Didier Six limog\u00e9 ? \u00a0\u00bb Une d\u00e9cision sera prise \u00e0 cet effet, dans un d\u00e9lai tr\u00e8s court \u00a0\u00bb pr\u00e9cise la F\u00e9guifoot<\/a> est apparu en premier sur <a rel=\"nofollow\" href=\"https:\/\/guineefoot.info\/\">Guineefoot<\/a>.<\/p>\n<\/div>\n","protected":false},"excerpt":{"rendered":"<p>CONAKRY- Le comit\u00e9 ex\u00e9cutif de la F\u00e9d\u00e9ration gGuin\u00e9enne de Football \u00e9tait en R\u00e9union extraordinaire ce mercredi au si\u00e8ge de la F\u00e9guifoot, \u00e0 Conakry. Plusieurs points \u00e9taient inscrits \u00e0 l\u2019ordre jour. L\u2019avenir du s\u00e9lectionneur Didier Six a \u00e9t\u00e9 discut\u00e9 par les membres de la f\u00e9d\u00e9ration. Et le moins que l\u2019on puisse dire, c\u2019est que le fran\u00e7ais &hellip;<\/p>\n","protected":false},"author":1,"featured_media":0,"comment_status":"closed","ping_status":"closed","sticky":false,"template":"","format":"standard","meta":{"footnotes":""},"categories":[4],"tags":[],"_links":{"self":[{"href":"https:\/\/de.ambaguinee.org\/index.php?rest_route=\/wp\/v2\/posts\/16952"}],"collection":[{"href":"https:\/\/de.ambaguinee.org\/index.php?rest_route=\/wp\/v2\/posts"}],"about":[{"href":"https:\/\/de.ambaguinee.org\/index.php?rest_route=\/wp\/v2\/types\/post"}],"author":[{"embeddable":true,"href":"https:\/\/de.ambaguinee.org\/index.php?rest_route=\/wp\/v2\/users\/1"}],"replies":[{"embeddable":true,"href":"https:\/\/de.ambaguinee.org\/index.php?rest_route=%2Fwp%2Fv2%2Fcomments&post=16952"}],"version-history":[{"count":0,"href":"https:\/\/de.ambaguinee.org\/index.php?rest_route=\/wp\/v2\/posts\/16952\/revisions"}],"wp:attachment":[{"href":"https:\/\/de.ambaguinee.org\/index.php?rest_route=%2Fwp%2Fv2%2Fmedia&parent=16952"}],"wp:term":[{"taxonomy":"category","embeddable":true,"href":"https:\/\/de.ambaguinee.org\/index.php?rest_route=%2Fwp%2Fv2%2Fcategories&post=16952"},{"taxonomy":"post_tag","embeddable":true,"href":"https:\/\/de.ambaguinee.org\/index.php?rest_route=%2Fwp%2Fv2%2Ftags&post=16952"}],"curies":[{"name":"wp","href":"https:\/\/api.w.org\/{rel}","templated":true}]}}