{"id":17082,"date":"2021-10-29T23:03:00","date_gmt":"2021-10-29T21:03:00","guid":{"rendered":"https:\/\/de.ambaguinee.org\/?p=17082"},"modified":"2021-10-29T23:03:00","modified_gmt":"2021-10-29T21:03:00","slug":"klopp-sur-naby-keita-je-pense-quil-sera-pret-ce-samedi","status":"publish","type":"post","link":"https:\/\/de.ambaguinee.org\/?p=17082","title":{"rendered":"Klopp sur Naby Keita : \u00a0\u00bb Je pense qu\u2019il sera pr\u00eat ce samedi \u00ab\u00a0"},"content":{"rendered":"<div>\n<p><strong>LIVERPOOL<\/strong>\u2013 En conf\u00e9rence de presse ce vendredi, l\u2019entra\u00eeneur de Liverpool est revenu sur la blessure de Naby keita. Selon J\u00fcrgen Klopp estime que le milieu de terrain guin\u00e9en est pr\u00eat pour la rencontre de Premier League de ce week-end. <\/p>\n<p> \u00a0\u00bb <em><strong>Naby Keita a l\u2019air bien ;\u00a0nous avons tous \u00e9t\u00e9 surpris, mais il a \u00e9videmment eu de la chance donc je pense qu\u2019il sera pr\u00eat <\/strong><\/em>\u00a0\u00bb affirme l\u2019allemand. <\/p>\n<p>C\u2019est donc une bonne nouvelle pour le capitaine du Syli National de Guin\u00e9e qui \u00e9tait sorti sur civi\u00e8re le week-end dernier lors de la victoire 5-0 contre Manchester United. <\/p>\n<p><strong><em>GUINEEFOOT.INFO<\/em><\/strong> <\/p>\n<p>L\u2019article <a rel=\"nofollow\" href=\"https:\/\/guineefoot.info\/klopp-sur-naby-keita-je-pense-quil-sera-pret-ce-samedi\/\">Klopp sur Naby Keita : \u00a0\u00bb Je pense qu\u2019il sera pr\u00eat ce samedi \u00ab\u00a0<\/a> est apparu en premier sur <a rel=\"nofollow\" href=\"https:\/\/guineefoot.info\/\">Guineefoot<\/a>.<\/p>\n<\/div>\n","protected":false},"excerpt":{"rendered":"<p>LIVERPOOL\u2013 En conf\u00e9rence de presse ce vendredi, l\u2019entra\u00eeneur de Liverpool est revenu sur la blessure de Naby keita. Selon J\u00fcrgen Klopp estime que le milieu de terrain guin\u00e9en est pr\u00eat pour la rencontre de Premier League de ce week-end. \u00a0\u00bb Naby Keita a l\u2019air bien ;\u00a0nous avons tous \u00e9t\u00e9 surpris, mais il a \u00e9videmment eu &hellip;<\/p>\n","protected":false},"author":1,"featured_media":0,"comment_status":"closed","ping_status":"closed","sticky":false,"template":"","format":"standard","meta":{"footnotes":""},"categories":[4],"tags":[],"_links":{"self":[{"href":"https:\/\/de.ambaguinee.org\/index.php?rest_route=\/wp\/v2\/posts\/17082"}],"collection":[{"href":"https:\/\/de.ambaguinee.org\/index.php?rest_route=\/wp\/v2\/posts"}],"about":[{"href":"https:\/\/de.ambaguinee.org\/index.php?rest_route=\/wp\/v2\/types\/post"}],"author":[{"embeddable":true,"href":"https:\/\/de.ambaguinee.org\/index.php?rest_route=\/wp\/v2\/users\/1"}],"replies":[{"embeddable":true,"href":"https:\/\/de.ambaguinee.org\/index.php?rest_route=%2Fwp%2Fv2%2Fcomments&post=17082"}],"version-history":[{"count":0,"href":"https:\/\/de.ambaguinee.org\/index.php?rest_route=\/wp\/v2\/posts\/17082\/revisions"}],"wp:attachment":[{"href":"https:\/\/de.ambaguinee.org\/index.php?rest_route=%2Fwp%2Fv2%2Fmedia&parent=17082"}],"wp:term":[{"taxonomy":"category","embeddable":true,"href":"https:\/\/de.ambaguinee.org\/index.php?rest_route=%2Fwp%2Fv2%2Fcategories&post=17082"},{"taxonomy":"post_tag","embeddable":true,"href":"https:\/\/de.ambaguinee.org\/index.php?rest_route=%2Fwp%2Fv2%2Ftags&post=17082"}],"curies":[{"name":"wp","href":"https:\/\/api.w.org\/{rel}","templated":true}]}}