{"id":17703,"date":"2021-11-09T23:03:39","date_gmt":"2021-11-09T22:03:39","guid":{"rendered":"https:\/\/de.ambaguinee.org\/?p=17703"},"modified":"2021-11-09T23:03:39","modified_gmt":"2021-11-09T22:03:39","slug":"je-ne-peux-pas-mentir-jai-grandi-au-pays-mady-camara-justifie-son-forfait","status":"publish","type":"post","link":"https:\/\/de.ambaguinee.org\/?p=17703","title":{"rendered":"\u00ab\u00a0Je ne peux pas mentir, j\u2019ai grandi au pays\u00a0\u00bb\u00a0: Mady Camara justifie son forfait"},"content":{"rendered":"<div>\n<p>Forfait avec le Syli National en raison d\u2019une blessure \u00e0 l\u2019\u00e9paule, Mady Camara est soup\u00e7onn\u00e9 de trouver un moyen subtilement d\u00e9tourn\u00e9 pour ne pas r\u00e9pondre \u00e0 sa convocation. Le joueur de l\u2019Olympiacos a tenu \u00e0 s\u2019expliquer publiquement sur sa situation.<\/p>\n<p>L\u2019article <a rel=\"nofollow\" href=\"https:\/\/www.foot224.co\/2021\/11\/08\/je-ne-peux-pas-mentir-jai-grandi-au-pays-mady-camara-justifie-son-forfait\/\">\u00ab\u00a0Je ne peux pas mentir, j\u2019ai grandi au pays\u00a0\u00bb\u00a0: Mady Camara justifie son forfait<\/a> est apparu en premier sur <a rel=\"nofollow\" href=\"https:\/\/www.foot224.co\/\">Foot224 &#8211; Actualit\u00e9 Sport Guin\u00e9e<\/a>.<\/p>\n<\/div>\n","protected":false},"excerpt":{"rendered":"<p>Forfait avec le Syli National en raison d\u2019une blessure \u00e0 l\u2019\u00e9paule, Mady Camara est soup\u00e7onn\u00e9 de trouver un moyen subtilement d\u00e9tourn\u00e9 pour ne pas r\u00e9pondre \u00e0 sa convocation. Le joueur de l\u2019Olympiacos a tenu \u00e0 s\u2019expliquer publiquement sur sa situation. L\u2019article \u00ab\u00a0Je ne peux pas mentir, j\u2019ai grandi au pays\u00a0\u00bb\u00a0: Mady Camara justifie son forfait &hellip;<\/p>\n","protected":false},"author":1,"featured_media":0,"comment_status":"closed","ping_status":"closed","sticky":false,"template":"","format":"standard","meta":{"footnotes":""},"categories":[4],"tags":[],"_links":{"self":[{"href":"https:\/\/de.ambaguinee.org\/index.php?rest_route=\/wp\/v2\/posts\/17703"}],"collection":[{"href":"https:\/\/de.ambaguinee.org\/index.php?rest_route=\/wp\/v2\/posts"}],"about":[{"href":"https:\/\/de.ambaguinee.org\/index.php?rest_route=\/wp\/v2\/types\/post"}],"author":[{"embeddable":true,"href":"https:\/\/de.ambaguinee.org\/index.php?rest_route=\/wp\/v2\/users\/1"}],"replies":[{"embeddable":true,"href":"https:\/\/de.ambaguinee.org\/index.php?rest_route=%2Fwp%2Fv2%2Fcomments&post=17703"}],"version-history":[{"count":0,"href":"https:\/\/de.ambaguinee.org\/index.php?rest_route=\/wp\/v2\/posts\/17703\/revisions"}],"wp:attachment":[{"href":"https:\/\/de.ambaguinee.org\/index.php?rest_route=%2Fwp%2Fv2%2Fmedia&parent=17703"}],"wp:term":[{"taxonomy":"category","embeddable":true,"href":"https:\/\/de.ambaguinee.org\/index.php?rest_route=%2Fwp%2Fv2%2Fcategories&post=17703"},{"taxonomy":"post_tag","embeddable":true,"href":"https:\/\/de.ambaguinee.org\/index.php?rest_route=%2Fwp%2Fv2%2Ftags&post=17703"}],"curies":[{"name":"wp","href":"https:\/\/api.w.org\/{rel}","templated":true}]}}