{"id":17770,"date":"2021-11-10T23:03:51","date_gmt":"2021-11-10T22:03:51","guid":{"rendered":"https:\/\/de.ambaguinee.org\/?p=17770"},"modified":"2021-11-10T23:03:51","modified_gmt":"2021-11-10T22:03:51","slug":"flash-syli-kamso-mara-saidou-sow-et-demba-camara-completent-le-groupe","status":"publish","type":"post","link":"https:\/\/de.ambaguinee.org\/?p=17770","title":{"rendered":"Flash Syli : Kamso Mara, Saidou Sow et Demba Camara compl\u00e8tent le groupe"},"content":{"rendered":"<div>\n<p><strong>CONAKRY- L\u2019effectif du Syli National de Guin\u00e9e est d\u00e9sormais au grand complet \u00e0 Conakry. Ils sont 23 joueurs sur les 24 convoqu\u00e9s \u00e0 r\u00e9pondre a l\u2019appel de kaba Diawara<\/strong>, <strong>seul Naby Keita, out, n\u2019apas effectu\u00e9 le d\u00e9placement sur Conakry.<\/strong> <\/p>\n<p>Dans la soir\u00e9e de ce mardi 9 novembre, le milieu de terrain Kamso Mara, le d\u00e9fenseur Saidou Sow et l\u2019attaquant Aboubacar Demba Camara ont rejoint le rassemblement \u00e0 Conakry, pour le match contre la Guin\u00e9e-Bissau ce vendredi (16h). L\u2019\u00e9quipe fera sa deuxi\u00e8me s\u00e9ance d\u2019entra\u00eenement dans l\u2019apr\u00e8s-midi de ce mercredi \u00e0 Conakry. <\/p>\n<p><strong>Mohamed LAMINE TOUR\u00c9<\/strong> <\/p>\n<p>L\u2019article <a rel=\"nofollow\" href=\"https:\/\/guineefoot.info\/flash-syli-kamso-mara-saidou-sow-et-demba-camara-completent-le-groupe\/\">Flash Syli : Kamso Mara, Saidou Sow et Demba Camara compl\u00e8tent le groupe<\/a> est apparu en premier sur <a rel=\"nofollow\" href=\"https:\/\/guineefoot.info\/\">Guineefoot<\/a>.<\/p>\n<\/div>\n","protected":false},"excerpt":{"rendered":"<p>CONAKRY- L\u2019effectif du Syli National de Guin\u00e9e est d\u00e9sormais au grand complet \u00e0 Conakry. Ils sont 23 joueurs sur les 24 convoqu\u00e9s \u00e0 r\u00e9pondre a l\u2019appel de kaba Diawara, seul Naby Keita, out, n\u2019apas effectu\u00e9 le d\u00e9placement sur Conakry. Dans la soir\u00e9e de ce mardi 9 novembre, le milieu de terrain Kamso Mara, le d\u00e9fenseur &hellip;<\/p>\n","protected":false},"author":1,"featured_media":0,"comment_status":"closed","ping_status":"closed","sticky":false,"template":"","format":"standard","meta":{"footnotes":""},"categories":[4],"tags":[],"_links":{"self":[{"href":"https:\/\/de.ambaguinee.org\/index.php?rest_route=\/wp\/v2\/posts\/17770"}],"collection":[{"href":"https:\/\/de.ambaguinee.org\/index.php?rest_route=\/wp\/v2\/posts"}],"about":[{"href":"https:\/\/de.ambaguinee.org\/index.php?rest_route=\/wp\/v2\/types\/post"}],"author":[{"embeddable":true,"href":"https:\/\/de.ambaguinee.org\/index.php?rest_route=\/wp\/v2\/users\/1"}],"replies":[{"embeddable":true,"href":"https:\/\/de.ambaguinee.org\/index.php?rest_route=%2Fwp%2Fv2%2Fcomments&post=17770"}],"version-history":[{"count":0,"href":"https:\/\/de.ambaguinee.org\/index.php?rest_route=\/wp\/v2\/posts\/17770\/revisions"}],"wp:attachment":[{"href":"https:\/\/de.ambaguinee.org\/index.php?rest_route=%2Fwp%2Fv2%2Fmedia&parent=17770"}],"wp:term":[{"taxonomy":"category","embeddable":true,"href":"https:\/\/de.ambaguinee.org\/index.php?rest_route=%2Fwp%2Fv2%2Fcategories&post=17770"},{"taxonomy":"post_tag","embeddable":true,"href":"https:\/\/de.ambaguinee.org\/index.php?rest_route=%2Fwp%2Fv2%2Ftags&post=17770"}],"curies":[{"name":"wp","href":"https:\/\/api.w.org\/{rel}","templated":true}]}}