{"id":17773,"date":"2021-11-10T23:03:54","date_gmt":"2021-11-10T22:03:54","guid":{"rendered":"https:\/\/de.ambaguinee.org\/?p=17773"},"modified":"2021-11-10T23:03:54","modified_gmt":"2021-11-10T22:03:54","slug":"flash-syli-deuxieme-seance-a-conakry-avec-le-groupe-au-complet","status":"publish","type":"post","link":"https:\/\/de.ambaguinee.org\/?p=17773","title":{"rendered":"Flash Syli : deuxi\u00e8me s\u00e9ance \u00e0 Conakry avec le groupe au complet"},"content":{"rendered":"<div>\n<p><strong>CONAKRY- C\u2019est le stade G\u00e9n\u00e9ral Lansana Cont\u00e9 de Nongo qui a re\u00e7u ce jour l\u2019\u00e9quipe de Guin\u00e9e pour son entra\u00eenement avant le match de vendredi contre la Guin\u00e9e-Bissau. Ils \u00e9taient au grand complet (23 joueurs) pour cette deuxi\u00e8me s\u00e9ance dirig\u00e9e par Kaba Diawara l\u2019entra\u00eenement.<\/strong><\/p>\n<figure class=\"wp-block-image size-large\"><img loading=\"lazy\" width=\"1024\" height=\"918\"src=\"https:\/\/de.ambaguinee.org\/wp-content\/uploads\/2021\/11\/inbound468567219237202621.jpg\" alt=\"\" class=\"wp-image-37497\" srcset=\"https:\/\/guineefootbucket.s3.eu-west-1.amazonaws.com\/wp-content\/uploads\/2021\/11\/10211133\/inbound468567219237202621-1024x918.jpg 1024w, https:\/\/guineefootbucket.s3.eu-west-1.amazonaws.com\/wp-content\/uploads\/2021\/11\/10211133\/inbound468567219237202621-300x269.jpg 300w, https:\/\/guineefootbucket.s3.eu-west-1.amazonaws.com\/wp-content\/uploads\/2021\/11\/10211133\/inbound468567219237202621-768x688.jpg 768w, https:\/\/guineefootbucket.s3.eu-west-1.amazonaws.com\/wp-content\/uploads\/2021\/11\/10211133\/inbound468567219237202621-1536x1376.jpg 1536w, https:\/\/guineefootbucket.s3.eu-west-1.amazonaws.com\/wp-content\/uploads\/2021\/11\/10211133\/inbound468567219237202621-600x538.jpg 600w, https:\/\/de.ambaguinee.org\/wp-content\/uploads\/2021\/11\/inbound468567219237202621.jpg 1674w\" sizes=\"(max-width: 1024px) 100vw, 1024px\"><\/figure>\n<p>L\u2019article <a rel=\"nofollow\" href=\"https:\/\/guineefoot.info\/flash-syli-deuxieme-seance-a-conakry-avec-le-groupe-au-complet\/\">Flash Syli : deuxi\u00e8me s\u00e9ance \u00e0 Conakry avec le groupe au complet<\/a> est apparu en premier sur <a rel=\"nofollow\" href=\"https:\/\/guineefoot.info\/\">Guineefoot<\/a>.<\/p>\n<\/div>\n","protected":false},"excerpt":{"rendered":"<p>CONAKRY- C\u2019est le stade G\u00e9n\u00e9ral Lansana Cont\u00e9 de Nongo qui a re\u00e7u ce jour l\u2019\u00e9quipe de Guin\u00e9e pour son entra\u00eenement avant le match de vendredi contre la Guin\u00e9e-Bissau. Ils \u00e9taient au grand complet (23 joueurs) pour cette deuxi\u00e8me s\u00e9ance dirig\u00e9e par Kaba Diawara l\u2019entra\u00eenement. L\u2019article Flash Syli : deuxi\u00e8me s\u00e9ance \u00e0 Conakry avec le groupe &hellip;<\/p>\n","protected":false},"author":1,"featured_media":0,"comment_status":"closed","ping_status":"closed","sticky":false,"template":"","format":"standard","meta":{"footnotes":""},"categories":[4],"tags":[],"_links":{"self":[{"href":"https:\/\/de.ambaguinee.org\/index.php?rest_route=\/wp\/v2\/posts\/17773"}],"collection":[{"href":"https:\/\/de.ambaguinee.org\/index.php?rest_route=\/wp\/v2\/posts"}],"about":[{"href":"https:\/\/de.ambaguinee.org\/index.php?rest_route=\/wp\/v2\/types\/post"}],"author":[{"embeddable":true,"href":"https:\/\/de.ambaguinee.org\/index.php?rest_route=\/wp\/v2\/users\/1"}],"replies":[{"embeddable":true,"href":"https:\/\/de.ambaguinee.org\/index.php?rest_route=%2Fwp%2Fv2%2Fcomments&post=17773"}],"version-history":[{"count":0,"href":"https:\/\/de.ambaguinee.org\/index.php?rest_route=\/wp\/v2\/posts\/17773\/revisions"}],"wp:attachment":[{"href":"https:\/\/de.ambaguinee.org\/index.php?rest_route=%2Fwp%2Fv2%2Fmedia&parent=17773"}],"wp:term":[{"taxonomy":"category","embeddable":true,"href":"https:\/\/de.ambaguinee.org\/index.php?rest_route=%2Fwp%2Fv2%2Fcategories&post=17773"},{"taxonomy":"post_tag","embeddable":true,"href":"https:\/\/de.ambaguinee.org\/index.php?rest_route=%2Fwp%2Fv2%2Ftags&post=17773"}],"curies":[{"name":"wp","href":"https:\/\/api.w.org\/{rel}","templated":true}]}}