{"id":18994,"date":"2021-11-30T23:02:21","date_gmt":"2021-11-30T22:02:21","guid":{"rendered":"https:\/\/de.ambaguinee.org\/?p=18994"},"modified":"2021-11-30T23:02:21","modified_gmt":"2021-11-30T22:02:21","slug":"feguifoot-kpc-decide-de-ne-pas-etre-candidat-a-la-presidence","status":"publish","type":"post","link":"https:\/\/de.ambaguinee.org\/?p=18994","title":{"rendered":"F\u00e9guifoot : KPC d\u00e9cide de ne pas \u00eatre candidat \u00e0 la pr\u00e9sidence"},"content":{"rendered":"<div>\n<p><strong>CONAKRY- L\u2019information fera forc\u00e9ment l\u2019effet d\u2019une d\u00e9flagration dans l\u2019opinion.<\/strong> <strong>Pendant que le boulevard lui semblait pleinement ouvert pour \u00eatre port\u00e9 \u00e0 la pr\u00e9sidence de la FEGUIFOOT, au terme de cette p\u00e9riode transitoire ouverte pour le football Guin\u00e9en, avec la mise en place du CONOR (comit\u00e9 de normalisation), Karfala Person Camara KPC, d\u00e9cide de renoncer \u00e0 candidater pour ce poste pourtant prestigieux.<\/strong><\/p>\n<p>C\u2019est du moins l\u2019information que nous apprenons aupr\u00e8s de ses proches.<\/p>\n<p>Ces derniers, sans ambages, affirment qu\u2019il ont conseill\u00e9 \u00e0 leur patron, pr\u00e9sident du Hafia, de se consacrer \u00e0 la gestion quotidienne de sa soci\u00e9t\u00e9 ainsi que celle de son club et de son acad\u00e9mie de football qui porte son nom.<\/p>\n<p>Ils ajoutent \u00e9galement que le patron de Guicopres continuera, sans rel\u00e2che, avec la m\u00eame d\u00e9termination, \u00e0 s\u2019investir pour la promotion du football guin\u00e9en, \u00e0 travers notamment la construction d\u2019infrastructures sportives, comme il le fait si bien et si abondamment d\u00e9j\u00e0.<\/p>\n<p>Sans doute, cette d\u00e9cision inattendue de KPC, qui est la preuve de son investissement d\u00e9sint\u00e9ress\u00e9 en faveur du football local, est un exemple qui doit inspirer tous les acteurs du domaine, \u00e0 l\u2019heure de la refondation de ce sport roi en Guin\u00e9e.<\/p>\n<p><strong><em>Mosaiqueguin\u00e9e<\/em><\/strong><\/p>\n<p>L\u2019article <a rel=\"nofollow\" href=\"https:\/\/guineefoot.info\/feguifoot-kpc-decide-de-ne-pas-etre-candidat-a-la-presidence\/\">F\u00e9guifoot : KPC d\u00e9cide de ne pas \u00eatre candidat \u00e0 la pr\u00e9sidence<\/a> est apparu en premier sur <a rel=\"nofollow\" href=\"https:\/\/guineefoot.info\/\">Guineefoot<\/a>.<\/p>\n<\/div>\n","protected":false},"excerpt":{"rendered":"<p>CONAKRY- L\u2019information fera forc\u00e9ment l\u2019effet d\u2019une d\u00e9flagration dans l\u2019opinion. Pendant que le boulevard lui semblait pleinement ouvert pour \u00eatre port\u00e9 \u00e0 la pr\u00e9sidence de la FEGUIFOOT, au terme de cette p\u00e9riode transitoire ouverte pour le football Guin\u00e9en, avec la mise en place du CONOR (comit\u00e9 de normalisation), Karfala Person Camara KPC, d\u00e9cide de renoncer \u00e0 &hellip;<\/p>\n","protected":false},"author":1,"featured_media":0,"comment_status":"closed","ping_status":"closed","sticky":false,"template":"","format":"standard","meta":{"footnotes":""},"categories":[4],"tags":[],"_links":{"self":[{"href":"https:\/\/de.ambaguinee.org\/index.php?rest_route=\/wp\/v2\/posts\/18994"}],"collection":[{"href":"https:\/\/de.ambaguinee.org\/index.php?rest_route=\/wp\/v2\/posts"}],"about":[{"href":"https:\/\/de.ambaguinee.org\/index.php?rest_route=\/wp\/v2\/types\/post"}],"author":[{"embeddable":true,"href":"https:\/\/de.ambaguinee.org\/index.php?rest_route=\/wp\/v2\/users\/1"}],"replies":[{"embeddable":true,"href":"https:\/\/de.ambaguinee.org\/index.php?rest_route=%2Fwp%2Fv2%2Fcomments&post=18994"}],"version-history":[{"count":0,"href":"https:\/\/de.ambaguinee.org\/index.php?rest_route=\/wp\/v2\/posts\/18994\/revisions"}],"wp:attachment":[{"href":"https:\/\/de.ambaguinee.org\/index.php?rest_route=%2Fwp%2Fv2%2Fmedia&parent=18994"}],"wp:term":[{"taxonomy":"category","embeddable":true,"href":"https:\/\/de.ambaguinee.org\/index.php?rest_route=%2Fwp%2Fv2%2Fcategories&post=18994"},{"taxonomy":"post_tag","embeddable":true,"href":"https:\/\/de.ambaguinee.org\/index.php?rest_route=%2Fwp%2Fv2%2Ftags&post=18994"}],"curies":[{"name":"wp","href":"https:\/\/api.w.org\/{rel}","templated":true}]}}