{"id":18995,"date":"2021-11-30T23:02:21","date_gmt":"2021-11-30T22:02:21","guid":{"rendered":"https:\/\/de.ambaguinee.org\/?p=18995"},"modified":"2021-11-30T23:02:21","modified_gmt":"2021-11-30T22:02:21","slug":"syli-bea-diallo-prend-clairement-position-pour-kaba-diawara","status":"publish","type":"post","link":"https:\/\/de.ambaguinee.org\/?p=18995","title":{"rendered":"Syli : B\u00e9a Diallo prend clairement position pour Kaba Diawara"},"content":{"rendered":"<div>\n<p><strong>CONAKRY- Alors qu\u2019une partie de l\u2019option milite et r\u00e9clame \u00e0 haute voix le d\u00e9part de tout le staff technique du Syli National au sortir des \u00e9liminatoires de la coupe du monde FIFA 2022 au Qatar, le ministre Lansana B\u00e9a Diallo affiche clairement sa position en faveur du staff technique<\/strong>. <\/p>\n<p>Selon le premier responsable du d\u00e9partement de la jeunesse et des sports, m\u00eame si Didier Six est parti, les autres de son staff doivent rester et continuer le travail en vue la CAN 2021 au Cameroun. <\/p>\n<p><em><strong>\u00ab\u00a0J\u2019ai ai discut\u00e9 avec Kaba Diawara et on va voir quelle est la meilleure chose \u00e0 mettre en place pour permettre \u00e0 cette \u00e9quipe d\u2019aller vers cette CAN pour ne pas cr\u00e9er trop de d\u00e9g\u00e2ts. L\u2019entra\u00eeneur adjoint qui a fait le remplacement aujourd\u2019hui, je pense qu\u2019il n\u2019a pas fait n\u00e9cessairement un mauvais job, c\u2019est un patriote qui a envie de s\u2019investir pour la Guin\u00e9e;\u00a0donc je pense qu\u2019il pourrait effectivement amener et accompagner cette coh\u00e9rence des joueurs qui ont l\u2019air de s\u2019entendre avec lui<\/strong><\/em>\u00bb affirme B\u00e9a Diallo sur <em>FIM FM<\/em>, ce mardi matin.<\/p>\n<p>Cette prise de position de nouveau ministre des sports prouve que Kaba Diawara devrait bien garder sa place pour la CAN en janvier prochain au Cameroun. A moins un changement pour faire appel \u00e0 Kanfory Lapp\u00e9 Bangoura sollicit\u00e9 et reclam\u00e9 par des observateurs et supporters guin\u00e9ens. <\/p>\n<p><strong><em>GUINEEFOOT.INFO<\/em><\/strong> <\/p>\n<p>L\u2019article <a rel=\"nofollow\" href=\"https:\/\/guineefoot.info\/syli-bea-diallo-prend-clairement-position-pour-kaba-diawara\/\">Syli : B\u00e9a Diallo prend clairement position pour Kaba Diawara<\/a> est apparu en premier sur <a rel=\"nofollow\" href=\"https:\/\/guineefoot.info\/\">Guineefoot<\/a>.<\/p>\n<\/div>\n","protected":false},"excerpt":{"rendered":"<p>CONAKRY- Alors qu\u2019une partie de l\u2019option milite et r\u00e9clame \u00e0 haute voix le d\u00e9part de tout le staff technique du Syli National au sortir des \u00e9liminatoires de la coupe du monde FIFA 2022 au Qatar, le ministre Lansana B\u00e9a Diallo affiche clairement sa position en faveur du staff technique. Selon le premier responsable du d\u00e9partement &hellip;<\/p>\n","protected":false},"author":1,"featured_media":0,"comment_status":"closed","ping_status":"closed","sticky":false,"template":"","format":"standard","meta":{"footnotes":""},"categories":[4],"tags":[],"_links":{"self":[{"href":"https:\/\/de.ambaguinee.org\/index.php?rest_route=\/wp\/v2\/posts\/18995"}],"collection":[{"href":"https:\/\/de.ambaguinee.org\/index.php?rest_route=\/wp\/v2\/posts"}],"about":[{"href":"https:\/\/de.ambaguinee.org\/index.php?rest_route=\/wp\/v2\/types\/post"}],"author":[{"embeddable":true,"href":"https:\/\/de.ambaguinee.org\/index.php?rest_route=\/wp\/v2\/users\/1"}],"replies":[{"embeddable":true,"href":"https:\/\/de.ambaguinee.org\/index.php?rest_route=%2Fwp%2Fv2%2Fcomments&post=18995"}],"version-history":[{"count":0,"href":"https:\/\/de.ambaguinee.org\/index.php?rest_route=\/wp\/v2\/posts\/18995\/revisions"}],"wp:attachment":[{"href":"https:\/\/de.ambaguinee.org\/index.php?rest_route=%2Fwp%2Fv2%2Fmedia&parent=18995"}],"wp:term":[{"taxonomy":"category","embeddable":true,"href":"https:\/\/de.ambaguinee.org\/index.php?rest_route=%2Fwp%2Fv2%2Fcategories&post=18995"},{"taxonomy":"post_tag","embeddable":true,"href":"https:\/\/de.ambaguinee.org\/index.php?rest_route=%2Fwp%2Fv2%2Ftags&post=18995"}],"curies":[{"name":"wp","href":"https:\/\/api.w.org\/{rel}","templated":true}]}}