{"id":18996,"date":"2021-11-30T23:02:23","date_gmt":"2021-11-30T22:02:23","guid":{"rendered":"https:\/\/de.ambaguinee.org\/?p=18996"},"modified":"2021-11-30T23:02:23","modified_gmt":"2021-11-30T22:02:23","slug":"mory-konate-le-robuste-milieu-de-terrain-guineen-qui-fait-les-beaux-jours-de-saint-trond-en-belgique","status":"publish","type":"post","link":"https:\/\/de.ambaguinee.org\/?p=18996","title":{"rendered":"Mory Konat\u00e9, le robuste milieu de terrain guin\u00e9en qui fait les beaux jours de Saint-Trond en Belgique"},"content":{"rendered":"<div>\n<p><strong>SAINT-TROND<\/strong>\u2013 <strong>Depuis qu\u2019il a rejoint la Belgique et Saint-Trond en 2019 en provenance de la r\u00e9serve du Borussia Dortmund en Allemagne, Mory Konat\u00e9 s\u2019impose au sein de sa nouvelle \u00e9quipe. Cette saison, le robuste milieu de terrain d\u00e9fensif guin\u00e9en (1m91) a disput\u00e9 9 matches et inscrit 2 buts sous ses couleurs en Belgique. <\/strong><\/p>\n<p>Comme tout footballeur professionnel guin\u00e9en patriote, Mory Konat\u00e9 r\u00eave et nourriture l\u2019espoir de d\u00e9fendre les couleurs du Syli National de Guin\u00e9e. Il constitue une pi\u00e8ce en vue de la prochaine coupe d\u2019Afrique des nations de janvier prochain au Cameroun. <\/p>\n<p><strong>Mohamed LAMINE TOUR\u00c9<\/strong> <\/p>\n<p>L\u2019article <a rel=\"nofollow\" href=\"https:\/\/guineefoot.info\/mory-konate-le-robuste-milieu-de-terrain-guineen-qui-fait-les-beaux-jours-de-saint-trond-en-belgique\/\">Mory Konat\u00e9, le robuste milieu de terrain guin\u00e9en qui fait les beaux jours de Saint-Trond en Belgique<\/a> est apparu en premier sur <a rel=\"nofollow\" href=\"https:\/\/guineefoot.info\/\">Guineefoot<\/a>.<\/p>\n<\/div>\n","protected":false},"excerpt":{"rendered":"<p>SAINT-TROND\u2013 Depuis qu\u2019il a rejoint la Belgique et Saint-Trond en 2019 en provenance de la r\u00e9serve du Borussia Dortmund en Allemagne, Mory Konat\u00e9 s\u2019impose au sein de sa nouvelle \u00e9quipe. Cette saison, le robuste milieu de terrain d\u00e9fensif guin\u00e9en (1m91) a disput\u00e9 9 matches et inscrit 2 buts sous ses couleurs en Belgique. Comme tout &hellip;<\/p>\n","protected":false},"author":1,"featured_media":0,"comment_status":"closed","ping_status":"closed","sticky":false,"template":"","format":"standard","meta":{"footnotes":""},"categories":[4],"tags":[],"_links":{"self":[{"href":"https:\/\/de.ambaguinee.org\/index.php?rest_route=\/wp\/v2\/posts\/18996"}],"collection":[{"href":"https:\/\/de.ambaguinee.org\/index.php?rest_route=\/wp\/v2\/posts"}],"about":[{"href":"https:\/\/de.ambaguinee.org\/index.php?rest_route=\/wp\/v2\/types\/post"}],"author":[{"embeddable":true,"href":"https:\/\/de.ambaguinee.org\/index.php?rest_route=\/wp\/v2\/users\/1"}],"replies":[{"embeddable":true,"href":"https:\/\/de.ambaguinee.org\/index.php?rest_route=%2Fwp%2Fv2%2Fcomments&post=18996"}],"version-history":[{"count":0,"href":"https:\/\/de.ambaguinee.org\/index.php?rest_route=\/wp\/v2\/posts\/18996\/revisions"}],"wp:attachment":[{"href":"https:\/\/de.ambaguinee.org\/index.php?rest_route=%2Fwp%2Fv2%2Fmedia&parent=18996"}],"wp:term":[{"taxonomy":"category","embeddable":true,"href":"https:\/\/de.ambaguinee.org\/index.php?rest_route=%2Fwp%2Fv2%2Fcategories&post=18996"},{"taxonomy":"post_tag","embeddable":true,"href":"https:\/\/de.ambaguinee.org\/index.php?rest_route=%2Fwp%2Fv2%2Ftags&post=18996"}],"curies":[{"name":"wp","href":"https:\/\/api.w.org\/{rel}","templated":true}]}}