{"id":19194,"date":"2021-12-04T23:01:56","date_gmt":"2021-12-04T22:01:56","guid":{"rendered":"https:\/\/de.ambaguinee.org\/?p=19194"},"modified":"2021-12-04T23:01:56","modified_gmt":"2021-12-04T22:01:56","slug":"syli-national-antoine-conte-est-a-conakry","status":"publish","type":"post","link":"https:\/\/de.ambaguinee.org\/?p=19194","title":{"rendered":"Syli National\u00a0: Antoine Cont\u00e9 est \u00e0 Conakry"},"content":{"rendered":"<div>\n<p>Le d\u00e9fenseur \u00e2g\u00e9 de 27 ans a rejoint la capitale guin\u00e9enne ce samedi soir. Il est venu pour remplir des formalit\u00e9s administratives dans le cadre de son changement de nationalit\u00e9 sportive.<\/p>\n<p>L\u2019article <a rel=\"nofollow\" href=\"https:\/\/www.foot224.co\/2021\/12\/04\/syli-national-antoine-conte-est-a-conakry\/\">Syli National\u00a0: Antoine Cont\u00e9 est \u00e0 Conakry<\/a> est apparu en premier sur <a rel=\"nofollow\" href=\"https:\/\/www.foot224.co\/\">Foot224 &#8211; Actualit\u00e9 Sport Guin\u00e9e<\/a>.<\/p>\n<\/div>\n","protected":false},"excerpt":{"rendered":"<p>Le d\u00e9fenseur \u00e2g\u00e9 de 27 ans a rejoint la capitale guin\u00e9enne ce samedi soir. Il est venu pour remplir des formalit\u00e9s administratives dans le cadre de son changement de nationalit\u00e9 sportive. L\u2019article Syli National\u00a0: Antoine Cont\u00e9 est \u00e0 Conakry est apparu en premier sur Foot224 &#8211; Actualit\u00e9 Sport Guin\u00e9e.<\/p>\n","protected":false},"author":1,"featured_media":0,"comment_status":"closed","ping_status":"closed","sticky":false,"template":"","format":"standard","meta":{"footnotes":""},"categories":[4],"tags":[],"_links":{"self":[{"href":"https:\/\/de.ambaguinee.org\/index.php?rest_route=\/wp\/v2\/posts\/19194"}],"collection":[{"href":"https:\/\/de.ambaguinee.org\/index.php?rest_route=\/wp\/v2\/posts"}],"about":[{"href":"https:\/\/de.ambaguinee.org\/index.php?rest_route=\/wp\/v2\/types\/post"}],"author":[{"embeddable":true,"href":"https:\/\/de.ambaguinee.org\/index.php?rest_route=\/wp\/v2\/users\/1"}],"replies":[{"embeddable":true,"href":"https:\/\/de.ambaguinee.org\/index.php?rest_route=%2Fwp%2Fv2%2Fcomments&post=19194"}],"version-history":[{"count":0,"href":"https:\/\/de.ambaguinee.org\/index.php?rest_route=\/wp\/v2\/posts\/19194\/revisions"}],"wp:attachment":[{"href":"https:\/\/de.ambaguinee.org\/index.php?rest_route=%2Fwp%2Fv2%2Fmedia&parent=19194"}],"wp:term":[{"taxonomy":"category","embeddable":true,"href":"https:\/\/de.ambaguinee.org\/index.php?rest_route=%2Fwp%2Fv2%2Fcategories&post=19194"},{"taxonomy":"post_tag","embeddable":true,"href":"https:\/\/de.ambaguinee.org\/index.php?rest_route=%2Fwp%2Fv2%2Ftags&post=19194"}],"curies":[{"name":"wp","href":"https:\/\/api.w.org\/{rel}","templated":true}]}}