{"id":19729,"date":"2021-12-14T23:03:16","date_gmt":"2021-12-14T22:03:16","guid":{"rendered":"https:\/\/de.ambaguinee.org\/?p=19729"},"modified":"2021-12-14T23:03:16","modified_gmt":"2021-12-14T22:03:16","slug":"syli-le-conor-annonce-la-fin-du-contrat-de-didier-six-officiel","status":"publish","type":"post","link":"https:\/\/de.ambaguinee.org\/?p=19729","title":{"rendered":"Syli : le CONOR annonce la fin du contrat de Didier Six (officiel)"},"content":{"rendered":"<div>\n<p><strong>CONAKRY- C\u2019est d\u00e9sormais officiel, Didier n\u2019est plus le s\u00e9lectionneur du Syli national de Guin\u00e9e. Alors que le technicien \u00e9tait encore officiellement li\u00e9 \u00e0 la Guin\u00e9e par contrat, le comit\u00e9 de normalisation vient d\u2019annoncer que Didier Six quitte son poste en Guin\u00e9e. <\/strong><\/p>\n<p>M\u00eame si ce dernier affirme toujours qu\u2019il est encore sous contrat avec le Syli et qu\u2019il d\u00e9fendra bec et ongles son droit au pr\u00e8s de la FIFA, le Comit\u00e9 de normalisation qui a confirm\u00e9 Kaba Diawara \u00e0 la t\u00eate du Syli, dit se tourner d\u00e9sormais vers les pr\u00e9paratifs de la CAN 2021. Didier Six dit avoir d\u00e9j\u00e0 saisi son avocat de ce dossier, pour intenter une action contre la Guin\u00e9e.<\/p>\n<p><strong><em>\u00ab\u00a0Je n\u2019ai pas re\u00e7u cette fameuse notification de rupture de mon contrat qui passe en boucle dans la presse locale. Attention ! Attention, je me r\u00e9p\u00e8te, je n\u2019ai re\u00e7u aucune notification dans le sens de la rupture officielle de mon contrat. Le courrier qu\u2019on m\u2019a montr\u00e9 est une note de la F\u00e9d\u00e9ration qui demande au minist\u00e8re des sports de se prononcer sur la rupture de mon contrat. J\u2019attends donc le courrier de notification de la rupture de mon contrat \u00ab\u00a0,<\/em><\/strong>\u00a0r\u00e9it\u00e8re Didier Six chez <em>Conakrysport<\/em>.<\/p>\n<p><strong>Ci-dessous, le communiqu\u00e9 du comit\u00e9 de normalisation de la F\u00e9d\u00e9ration Guin\u00e9enne de Football <\/strong><\/p>\n<figure class=\"wp-block-image size-full\"><img loading=\"lazy\" width=\"720\" height=\"1018\"src=\"https:\/\/de.ambaguinee.org\/wp-content\/uploads\/2021\/12\/inbound6009406552222811509.jpg\" alt=\"\" class=\"wp-image-38131\" srcset=\"https:\/\/de.ambaguinee.org\/wp-content\/uploads\/2021\/12\/inbound6009406552222811509.jpg 720w, https:\/\/guineefootbucket.s3.eu-west-1.amazonaws.com\/wp-content\/uploads\/2021\/12\/14172452\/inbound6009406552222811509-212x300.jpg 212w, https:\/\/guineefootbucket.s3.eu-west-1.amazonaws.com\/wp-content\/uploads\/2021\/12\/14172452\/inbound6009406552222811509-600x848.jpg 600w\" sizes=\"(max-width: 720px) 100vw, 720px\"><\/figure>\n<p>L\u2019article <a rel=\"nofollow\" href=\"https:\/\/guineefoot.info\/syli-le-conor-annonce-la-fin-du-contrat-de-didier-six-officiel\/\">Syli : le CONOR annonce la fin du contrat de Didier Six (officiel)<\/a> est apparu en premier sur <a rel=\"nofollow\" href=\"https:\/\/guineefoot.info\/\">Guineefoot<\/a>.<\/p>\n<\/div>\n","protected":false},"excerpt":{"rendered":"<p>CONAKRY- C\u2019est d\u00e9sormais officiel, Didier n\u2019est plus le s\u00e9lectionneur du Syli national de Guin\u00e9e. Alors que le technicien \u00e9tait encore officiellement li\u00e9 \u00e0 la Guin\u00e9e par contrat, le comit\u00e9 de normalisation vient d\u2019annoncer que Didier Six quitte son poste en Guin\u00e9e. M\u00eame si ce dernier affirme toujours qu\u2019il est encore sous contrat avec le Syli &hellip;<\/p>\n","protected":false},"author":1,"featured_media":0,"comment_status":"closed","ping_status":"closed","sticky":false,"template":"","format":"standard","meta":{"footnotes":""},"categories":[4],"tags":[],"_links":{"self":[{"href":"https:\/\/de.ambaguinee.org\/index.php?rest_route=\/wp\/v2\/posts\/19729"}],"collection":[{"href":"https:\/\/de.ambaguinee.org\/index.php?rest_route=\/wp\/v2\/posts"}],"about":[{"href":"https:\/\/de.ambaguinee.org\/index.php?rest_route=\/wp\/v2\/types\/post"}],"author":[{"embeddable":true,"href":"https:\/\/de.ambaguinee.org\/index.php?rest_route=\/wp\/v2\/users\/1"}],"replies":[{"embeddable":true,"href":"https:\/\/de.ambaguinee.org\/index.php?rest_route=%2Fwp%2Fv2%2Fcomments&post=19729"}],"version-history":[{"count":0,"href":"https:\/\/de.ambaguinee.org\/index.php?rest_route=\/wp\/v2\/posts\/19729\/revisions"}],"wp:attachment":[{"href":"https:\/\/de.ambaguinee.org\/index.php?rest_route=%2Fwp%2Fv2%2Fmedia&parent=19729"}],"wp:term":[{"taxonomy":"category","embeddable":true,"href":"https:\/\/de.ambaguinee.org\/index.php?rest_route=%2Fwp%2Fv2%2Fcategories&post=19729"},{"taxonomy":"post_tag","embeddable":true,"href":"https:\/\/de.ambaguinee.org\/index.php?rest_route=%2Fwp%2Fv2%2Ftags&post=19729"}],"curies":[{"name":"wp","href":"https:\/\/api.w.org\/{rel}","templated":true}]}}