{"id":19731,"date":"2021-12-14T23:03:17","date_gmt":"2021-12-14T22:03:17","guid":{"rendered":"https:\/\/de.ambaguinee.org\/?p=19731"},"modified":"2021-12-14T23:03:17","modified_gmt":"2021-12-14T22:03:17","slug":"syli-le-staff-meuble-pascal-feindouno-entraineur-des-attaquants-communique","status":"publish","type":"post","link":"https:\/\/de.ambaguinee.org\/?p=19731","title":{"rendered":"Syli : le staff meubl\u00e9, Pascal Feindouno entra\u00eeneur des attaquants (communiqu\u00e9)"},"content":{"rendered":"<div>\n<p><strong>CONAKRY- Dans un communiqu\u00e9 publi\u00e9 sur ses canaux de communication, le comit\u00e9 de normalisation vient de meubler le staff technique du Syli National de Guin\u00e9e pour la CAN 2021 au Cameroun<\/strong>. <\/p>\n<p>Ainsi, on note la nomination de Pascal Feindouno comme entra\u00eeneur des attaquants, lui qui est pourtant milieu de terrain. \u00c9dgard Babara Sylla fait son retour et jouera encore le r\u00f4le d\u2019intendant de l\u2019\u00e9quipe. Notre confr\u00e8re Pierre Fatewa Diawara est d\u00e9sormais le nouvel officier m\u00e9dia du Syli<\/p>\n<p><strong>voici la composition du nouveau staff technique du Syli <\/strong><\/p>\n<figure class=\"wp-block-image size-full\"><img loading=\"lazy\" width=\"720\" height=\"1018\"src=\"https:\/\/de.ambaguinee.org\/wp-content\/uploads\/2021\/12\/inbound2937076070162501039.jpg\" alt=\"\" class=\"wp-image-38138\" srcset=\"https:\/\/de.ambaguinee.org\/wp-content\/uploads\/2021\/12\/inbound2937076070162501039.jpg 720w, https:\/\/guineefootbucket.s3.eu-west-1.amazonaws.com\/wp-content\/uploads\/2021\/12\/14183133\/inbound2937076070162501039-212x300.jpg 212w, https:\/\/guineefootbucket.s3.eu-west-1.amazonaws.com\/wp-content\/uploads\/2021\/12\/14183133\/inbound2937076070162501039-600x848.jpg 600w\" sizes=\"(max-width: 720px) 100vw, 720px\"><\/figure>\n<p>L\u2019article <a rel=\"nofollow\" href=\"https:\/\/guineefoot.info\/syli-le-staff-meuble-pascal-feindouno-entraineur-des-attaquants-communique\/\">Syli : le staff meubl\u00e9, Pascal Feindouno entra\u00eeneur des attaquants (communiqu\u00e9)<\/a> est apparu en premier sur <a rel=\"nofollow\" href=\"https:\/\/guineefoot.info\/\">Guineefoot<\/a>.<\/p>\n<\/div>\n","protected":false},"excerpt":{"rendered":"<p>CONAKRY- Dans un communiqu\u00e9 publi\u00e9 sur ses canaux de communication, le comit\u00e9 de normalisation vient de meubler le staff technique du Syli National de Guin\u00e9e pour la CAN 2021 au Cameroun. Ainsi, on note la nomination de Pascal Feindouno comme entra\u00eeneur des attaquants, lui qui est pourtant milieu de terrain. \u00c9dgard Babara Sylla fait son &hellip;<\/p>\n","protected":false},"author":1,"featured_media":0,"comment_status":"closed","ping_status":"closed","sticky":false,"template":"","format":"standard","meta":{"footnotes":""},"categories":[4],"tags":[],"_links":{"self":[{"href":"https:\/\/de.ambaguinee.org\/index.php?rest_route=\/wp\/v2\/posts\/19731"}],"collection":[{"href":"https:\/\/de.ambaguinee.org\/index.php?rest_route=\/wp\/v2\/posts"}],"about":[{"href":"https:\/\/de.ambaguinee.org\/index.php?rest_route=\/wp\/v2\/types\/post"}],"author":[{"embeddable":true,"href":"https:\/\/de.ambaguinee.org\/index.php?rest_route=\/wp\/v2\/users\/1"}],"replies":[{"embeddable":true,"href":"https:\/\/de.ambaguinee.org\/index.php?rest_route=%2Fwp%2Fv2%2Fcomments&post=19731"}],"version-history":[{"count":0,"href":"https:\/\/de.ambaguinee.org\/index.php?rest_route=\/wp\/v2\/posts\/19731\/revisions"}],"wp:attachment":[{"href":"https:\/\/de.ambaguinee.org\/index.php?rest_route=%2Fwp%2Fv2%2Fmedia&parent=19731"}],"wp:term":[{"taxonomy":"category","embeddable":true,"href":"https:\/\/de.ambaguinee.org\/index.php?rest_route=%2Fwp%2Fv2%2Fcategories&post=19731"},{"taxonomy":"post_tag","embeddable":true,"href":"https:\/\/de.ambaguinee.org\/index.php?rest_route=%2Fwp%2Fv2%2Ftags&post=19731"}],"curies":[{"name":"wp","href":"https:\/\/api.w.org\/{rel}","templated":true}]}}