{"id":20038,"date":"2021-12-20T23:02:52","date_gmt":"2021-12-20T22:02:52","guid":{"rendered":"https:\/\/de.ambaguinee.org\/?p=20038"},"modified":"2021-12-20T23:02:52","modified_gmt":"2021-12-20T22:02:52","slug":"can-2021-la-liste-du-syli-sans-francois-kamano-avec-moriba-kourouma-liste","status":"publish","type":"post","link":"https:\/\/de.ambaguinee.org\/?p=20038","title":{"rendered":"CAN 2021 : la liste du Syli sans Fran\u00e7ois Kamano, avec Moriba Kourouma (liste)"},"content":{"rendered":"<div>\n<p><strong>CONAKRY- Le s\u00e9lectionneur guin\u00e9en Kaba Diawara vient de d\u00e9voiler la liste des 27 joueurs convoqu\u00e9s pour la CAN 2021 au Cameroun. On remarque les absences de Simon Falette, Gnagna Barry.<\/strong><\/p>\n<p>Mory Konat\u00e9, Lamara Diallo, Antoine Cont\u00e9 et Moriba Kourouma sont convoqu\u00e9s, et on note le retour du gardien Ibrahima Kon\u00e9. Par contre, Fran\u00e7ois Kamano et Mady Camara sont les grands de cette exp\u00e9dition au Cameroun. <\/p>\n<p>Le regroupement du Syli d\u00e9marre le 26 d\u00e9cembre prochain \u00e0 Conakry, et la s\u00e9lection aura deux matches amicaux contre le Rwanda d\u00e9but janvier prochain.<\/p>\n<p><strong>Voici la liste des joueurs convoqu\u00e9s pour la CAN<\/strong><\/p>\n<figure class=\"wp-block-image size-large\"><img loading=\"lazy\" width=\"820\" height=\"1024\"src=\"https:\/\/de.ambaguinee.org\/wp-content\/uploads\/2021\/12\/inbound1800538649050680611.jpg\" alt=\"\" class=\"wp-image-38217\" srcset=\"https:\/\/guineefootbucket.s3.eu-west-1.amazonaws.com\/wp-content\/uploads\/2021\/12\/20111137\/inbound1800538649050680611-820x1024.jpg 820w, https:\/\/guineefootbucket.s3.eu-west-1.amazonaws.com\/wp-content\/uploads\/2021\/12\/20111137\/inbound1800538649050680611-240x300.jpg 240w, https:\/\/guineefootbucket.s3.eu-west-1.amazonaws.com\/wp-content\/uploads\/2021\/12\/20111137\/inbound1800538649050680611-768x959.jpg 768w, https:\/\/guineefootbucket.s3.eu-west-1.amazonaws.com\/wp-content\/uploads\/2021\/12\/20111137\/inbound1800538649050680611-1230x1536.jpg 1230w, https:\/\/guineefootbucket.s3.eu-west-1.amazonaws.com\/wp-content\/uploads\/2021\/12\/20111137\/inbound1800538649050680611-600x749.jpg 600w, https:\/\/de.ambaguinee.org\/wp-content\/uploads\/2021\/12\/inbound1800538649050680611.jpg 1538w\" sizes=\"(max-width: 820px) 100vw, 820px\"><\/figure>\n<p>L\u2019article <a rel=\"nofollow\" href=\"https:\/\/guineefoot.info\/can-2021-la-liste-du-syli-sans-francois-kamano-avec-moriba-kourouma-liste\/\">CAN 2021 : la liste du Syli sans Fran\u00e7ois Kamano, avec Moriba Kourouma (liste)<\/a> est apparu en premier sur <a rel=\"nofollow\" href=\"https:\/\/guineefoot.info\/\">Guineefoot<\/a>.<\/p>\n<\/div>\n","protected":false},"excerpt":{"rendered":"<p>CONAKRY- Le s\u00e9lectionneur guin\u00e9en Kaba Diawara vient de d\u00e9voiler la liste des 27 joueurs convoqu\u00e9s pour la CAN 2021 au Cameroun. On remarque les absences de Simon Falette, Gnagna Barry. Mory Konat\u00e9, Lamara Diallo, Antoine Cont\u00e9 et Moriba Kourouma sont convoqu\u00e9s, et on note le retour du gardien Ibrahima Kon\u00e9. Par contre, Fran\u00e7ois Kamano et &hellip;<\/p>\n","protected":false},"author":1,"featured_media":0,"comment_status":"closed","ping_status":"closed","sticky":false,"template":"","format":"standard","meta":{"footnotes":""},"categories":[4],"tags":[],"_links":{"self":[{"href":"https:\/\/de.ambaguinee.org\/index.php?rest_route=\/wp\/v2\/posts\/20038"}],"collection":[{"href":"https:\/\/de.ambaguinee.org\/index.php?rest_route=\/wp\/v2\/posts"}],"about":[{"href":"https:\/\/de.ambaguinee.org\/index.php?rest_route=\/wp\/v2\/types\/post"}],"author":[{"embeddable":true,"href":"https:\/\/de.ambaguinee.org\/index.php?rest_route=\/wp\/v2\/users\/1"}],"replies":[{"embeddable":true,"href":"https:\/\/de.ambaguinee.org\/index.php?rest_route=%2Fwp%2Fv2%2Fcomments&post=20038"}],"version-history":[{"count":0,"href":"https:\/\/de.ambaguinee.org\/index.php?rest_route=\/wp\/v2\/posts\/20038\/revisions"}],"wp:attachment":[{"href":"https:\/\/de.ambaguinee.org\/index.php?rest_route=%2Fwp%2Fv2%2Fmedia&parent=20038"}],"wp:term":[{"taxonomy":"category","embeddable":true,"href":"https:\/\/de.ambaguinee.org\/index.php?rest_route=%2Fwp%2Fv2%2Fcategories&post=20038"},{"taxonomy":"post_tag","embeddable":true,"href":"https:\/\/de.ambaguinee.org\/index.php?rest_route=%2Fwp%2Fv2%2Ftags&post=20038"}],"curies":[{"name":"wp","href":"https:\/\/api.w.org\/{rel}","templated":true}]}}