{"id":20261,"date":"2021-12-24T23:02:34","date_gmt":"2021-12-24T22:02:34","guid":{"rendered":"https:\/\/de.ambaguinee.org\/?p=20261"},"modified":"2021-12-24T23:02:34","modified_gmt":"2021-12-24T22:02:34","slug":"flash-syli-debut-du-regroupement-a-conakry-avant-la-remise-officielle-du-drapeau","status":"publish","type":"post","link":"https:\/\/de.ambaguinee.org\/?p=20261","title":{"rendered":"Flash Syli : d\u00e9but du regroupement \u00e0 Conakry, avant la remise officielle du drapeau"},"content":{"rendered":"<div>\n<p><strong>CONAKRY- Le Syli entame son regroupement ce vendredi dans la capitale Guin\u00e9enne en vue des pr\u00e9paratifs de la CAN prochaine au Cameroun. C\u2019est dans ce cadre que les joueurs s\u00e9lectionn\u00e9s seront en regroupement ce week-end avant le stage au Rwanda qui reste encore \u00e0 confirmer. Naby Keita, retenu par son club Liverpool, sera absent de ce premier contact \u00e0 Conakry. <\/strong><\/p>\n<p>D\u00e9j\u00e0, on apprend que le d\u00e9fenseur de Niort FC Ibrahima Sory Cont\u00e9 dit <em>Song<\/em> est arriv\u00e9 \u00e0 Conakry. En plus de lui, le staff technique avec \u00e0 sa t\u00eate Kaba Diawara, est dans la capitale Guin\u00e9enne. L\u2019\u00e9quipe sera re\u00e7ue par le Pr\u00e9sident de la transition, le colonel Mamady Doumbouya, le 27 d\u00e9cembre, prochain pour la traditionnelle c\u00e9r\u00e9monie de remise du drapeau national, avant de s\u2019envoler de Conakry, direction Kigali au Rwanda pour les 2 matches amicaux pr\u00e9vus les 2 et 6 janvier 2022.<\/p>\n<p><strong><em>ALPHA DIALLO<\/em><\/strong><\/p>\n<p>L\u2019article <a rel=\"nofollow\" href=\"https:\/\/guineefoot.info\/flash-syli-debut-du-regroupement-a-conakry-avant-la-remise-officielle-du-drapeau\/\">Flash Syli : d\u00e9but du regroupement \u00e0 Conakry, avant la remise officielle du drapeau<\/a> est apparu en premier sur <a rel=\"nofollow\" href=\"https:\/\/guineefoot.info\/\">Guineefoot<\/a>.<\/p>\n<\/div>\n","protected":false},"excerpt":{"rendered":"<p>CONAKRY- Le Syli entame son regroupement ce vendredi dans la capitale Guin\u00e9enne en vue des pr\u00e9paratifs de la CAN prochaine au Cameroun. C\u2019est dans ce cadre que les joueurs s\u00e9lectionn\u00e9s seront en regroupement ce week-end avant le stage au Rwanda qui reste encore \u00e0 confirmer. Naby Keita, retenu par son club Liverpool, sera absent de &hellip;<\/p>\n","protected":false},"author":1,"featured_media":0,"comment_status":"closed","ping_status":"closed","sticky":false,"template":"","format":"standard","meta":{"footnotes":""},"categories":[4],"tags":[],"_links":{"self":[{"href":"https:\/\/de.ambaguinee.org\/index.php?rest_route=\/wp\/v2\/posts\/20261"}],"collection":[{"href":"https:\/\/de.ambaguinee.org\/index.php?rest_route=\/wp\/v2\/posts"}],"about":[{"href":"https:\/\/de.ambaguinee.org\/index.php?rest_route=\/wp\/v2\/types\/post"}],"author":[{"embeddable":true,"href":"https:\/\/de.ambaguinee.org\/index.php?rest_route=\/wp\/v2\/users\/1"}],"replies":[{"embeddable":true,"href":"https:\/\/de.ambaguinee.org\/index.php?rest_route=%2Fwp%2Fv2%2Fcomments&post=20261"}],"version-history":[{"count":0,"href":"https:\/\/de.ambaguinee.org\/index.php?rest_route=\/wp\/v2\/posts\/20261\/revisions"}],"wp:attachment":[{"href":"https:\/\/de.ambaguinee.org\/index.php?rest_route=%2Fwp%2Fv2%2Fmedia&parent=20261"}],"wp:term":[{"taxonomy":"category","embeddable":true,"href":"https:\/\/de.ambaguinee.org\/index.php?rest_route=%2Fwp%2Fv2%2Fcategories&post=20261"},{"taxonomy":"post_tag","embeddable":true,"href":"https:\/\/de.ambaguinee.org\/index.php?rest_route=%2Fwp%2Fv2%2Ftags&post=20261"}],"curies":[{"name":"wp","href":"https:\/\/api.w.org\/{rel}","templated":true}]}}