{"id":20313,"date":"2021-12-25T23:05:09","date_gmt":"2021-12-25T22:05:09","guid":{"rendered":"https:\/\/de.ambaguinee.org\/?p=20313"},"modified":"2021-12-25T23:05:09","modified_gmt":"2021-12-25T22:05:09","slug":"can-2021-mady-camara-et-francois-kamano-absents-kaba-diawara-se-justifie","status":"publish","type":"post","link":"https:\/\/de.ambaguinee.org\/?p=20313","title":{"rendered":"CAN 2021\/Mady Camara et Fran\u00e7ois Kamano absents : Kaba Diawara se justifie"},"content":{"rendered":"<div>\n<p><strong>CONAKRY- Dans une vid\u00e9o publi\u00e9e sur ses r\u00e9seaux sociaux par la F\u00e9d\u00e9ration Guin\u00e9enne de Football, le s\u00e9lectionneur guin\u00e9en a abord\u00e9 plusieurs questions li\u00e9es au Syli National avant la CAN 2021 au Cameroun.<\/strong><\/p>\n<p>Sur les absences de plusieurs cadres notamment Mady Camara et Fran\u00e7ois Kamano, absences qui ont suscit\u00e9s des interrogations, Kaba Diawara tente de se justifier. Selon le s\u00e9lectionneur guin\u00e9en, c\u2019est une d\u00e9cision prise apr\u00e8s une concertation avec les concern\u00e9s<\/p>\n<p><em><strong>\u00ab On a discut\u00e9 (Mady) et je sais que ce n\u2019est pas facile. Il fallait faire des choix, il l\u2019a compris et j\u2019ai pr\u00e9f\u00e9r\u00e9 le laisser dans son club. Il va se refaire une sant\u00e9 physique et mentale. On s\u2019est entendu, c\u2019est un joueur tr\u00e8s important pour le groupe. Je l\u2019ai appel\u00e9 (Kamano) mais en s\u00e9lection moi j\u2019insiste beaucoup sur la notion du groupe, de valeurs qu\u2019on doit incarner quand on porte ce maillot. Et il a compris, on a convenu lui aussi qu\u2019il va venir dans un avenir proche. Parce que ce sont des joueurs sur qui on compte. Mais pour cette comp\u00e9tition, il fallait trancher et le choix est tomb\u00e9 sur eux. Mais il n\u2019y a pas de conflit. On a bien discut\u00e9. Et au final c\u2019est la Guin\u00e9e qui gagne \u00ab\u00a0<\/strong><\/em> pr\u00e9cise Kaba Diawara<\/p>\n<p>Rapelons que le Syli sera re\u00e7u ce lundi 27 d\u00e9cembre par le pr\u00e9sident du CNRD, le colonel Mamady Doumbouya, pour la c\u00e9r\u00e9monie de remise officielle du drapeau national, avant le d\u00e9part de la d\u00e9l\u00e9gation pour le Rwanda pour les 2 matches amicaux.<\/p>\n<p><strong>Mohamed LAMINE TOUR\u00c9<\/strong> <\/p>\n<p>L\u2019article <a rel=\"nofollow\" href=\"https:\/\/guineefoot.info\/can-2021-mady-camara-et-francois-kamano-absents-kaba-diawara-se-justifie\/\">CAN 2021\/Mady Camara et Fran\u00e7ois Kamano absents : Kaba Diawara se justifie<\/a> est apparu en premier sur <a rel=\"nofollow\" href=\"https:\/\/guineefoot.info\/\">Guineefoot<\/a>.<\/p>\n<\/div>\n","protected":false},"excerpt":{"rendered":"<p>CONAKRY- Dans une vid\u00e9o publi\u00e9e sur ses r\u00e9seaux sociaux par la F\u00e9d\u00e9ration Guin\u00e9enne de Football, le s\u00e9lectionneur guin\u00e9en a abord\u00e9 plusieurs questions li\u00e9es au Syli National avant la CAN 2021 au Cameroun. Sur les absences de plusieurs cadres notamment Mady Camara et Fran\u00e7ois Kamano, absences qui ont suscit\u00e9s des interrogations, Kaba Diawara tente de se &hellip;<\/p>\n","protected":false},"author":1,"featured_media":0,"comment_status":"closed","ping_status":"closed","sticky":false,"template":"","format":"standard","meta":{"footnotes":""},"categories":[4],"tags":[],"_links":{"self":[{"href":"https:\/\/de.ambaguinee.org\/index.php?rest_route=\/wp\/v2\/posts\/20313"}],"collection":[{"href":"https:\/\/de.ambaguinee.org\/index.php?rest_route=\/wp\/v2\/posts"}],"about":[{"href":"https:\/\/de.ambaguinee.org\/index.php?rest_route=\/wp\/v2\/types\/post"}],"author":[{"embeddable":true,"href":"https:\/\/de.ambaguinee.org\/index.php?rest_route=\/wp\/v2\/users\/1"}],"replies":[{"embeddable":true,"href":"https:\/\/de.ambaguinee.org\/index.php?rest_route=%2Fwp%2Fv2%2Fcomments&post=20313"}],"version-history":[{"count":0,"href":"https:\/\/de.ambaguinee.org\/index.php?rest_route=\/wp\/v2\/posts\/20313\/revisions"}],"wp:attachment":[{"href":"https:\/\/de.ambaguinee.org\/index.php?rest_route=%2Fwp%2Fv2%2Fmedia&parent=20313"}],"wp:term":[{"taxonomy":"category","embeddable":true,"href":"https:\/\/de.ambaguinee.org\/index.php?rest_route=%2Fwp%2Fv2%2Fcategories&post=20313"},{"taxonomy":"post_tag","embeddable":true,"href":"https:\/\/de.ambaguinee.org\/index.php?rest_route=%2Fwp%2Fv2%2Ftags&post=20313"}],"curies":[{"name":"wp","href":"https:\/\/api.w.org\/{rel}","templated":true}]}}