{"id":20361,"date":"2021-12-26T23:04:51","date_gmt":"2021-12-26T22:04:51","guid":{"rendered":"https:\/\/de.ambaguinee.org\/?p=20361"},"modified":"2021-12-26T23:04:51","modified_gmt":"2021-12-26T22:04:51","slug":"flash-syli-saidou-sow-ousmane-kante-aguibou-et-bayo-sont-a-conakry-photos","status":"publish","type":"post","link":"https:\/\/de.ambaguinee.org\/?p=20361","title":{"rendered":"Flash Syli : Saidou Sow, Ousmane Kant\u00e9, Aguibou et Bayo sont \u00e0 Conakry (Photos)"},"content":{"rendered":"<div>\n<p><strong>CONAKRY- Le regroupement du Syli National de Guin\u00e9e se poursuit \u00e0 Conakry avant le d\u00e9part de la d\u00e9l\u00e9gation ce lundi 27 d\u00e9cembre pour le Rwanda, pour le stage de pr\u00e9paration avant la CAN 2021 au Cameroun. Les 27 joueurs convoqu\u00e9s commencent \u00e0 rallier la capitale<\/strong> <strong>Guin\u00e9enne<\/strong>. <\/p>\n<p>En plus des locaux Moussa Camara, Morlaye Sylla Sylla, Fod\u00e9 Camara et Gaoussou Siby, les autres viennent \u00e0 compte go\u00fbte. Issiaga Sylla, Saidou Sow, Ousmane Kant\u00e9, Mohamed Aly Camara, Mohamed Bayo, Morgan Guilavogui ont rejoint l\u2019h\u00f4tel du Syli en plein centre ville de Conakry. Les autres sont attendus dans les prochaines heures.. L\u2019\u00e9quipe sera re\u00e7ue par le colonel Mamady Doumbouya dans la matin\u00e9e de ce lundi au Palais Mohamed V.<\/p>\n<p><strong>Voici quelques images des joueurs pr\u00e9sents au QG du Syli \u00e0 Conakry. <\/strong><\/p>\n<figure class=\"wp-block-image size-full\"><img loading=\"lazy\" width=\"720\" height=\"480\"src=\"https:\/\/de.ambaguinee.org\/wp-content\/uploads\/2021\/12\/inbound7803746501469313680.jpg\" alt=\"\" class=\"wp-image-38295\" srcset=\"https:\/\/de.ambaguinee.org\/wp-content\/uploads\/2021\/12\/inbound7803746501469313680.jpg 720w, https:\/\/guineefootbucket.s3.eu-west-1.amazonaws.com\/wp-content\/uploads\/2021\/12\/26145500\/inbound7803746501469313680-300x200.jpg 300w, https:\/\/guineefootbucket.s3.eu-west-1.amazonaws.com\/wp-content\/uploads\/2021\/12\/26145500\/inbound7803746501469313680-600x400.jpg 600w\" sizes=\"(max-width: 720px) 100vw, 720px\"><figcaption>AGUIBOU CAMARA PHOTO FEGUIFOOT <\/figcaption><\/figure>\n<figure class=\"wp-block-image size-large\"><img loading=\"lazy\" width=\"683\" height=\"1024\"src=\"https:\/\/de.ambaguinee.org\/wp-content\/uploads\/2021\/12\/inbound7485253563979876720.jpg\" alt=\"\" class=\"wp-image-38296\" srcset=\"https:\/\/guineefootbucket.s3.eu-west-1.amazonaws.com\/wp-content\/uploads\/2021\/12\/26145511\/inbound7485253563979876720-683x1024.jpg 683w, https:\/\/guineefootbucket.s3.eu-west-1.amazonaws.com\/wp-content\/uploads\/2021\/12\/26145511\/inbound7485253563979876720-200x300.jpg 200w, https:\/\/guineefootbucket.s3.eu-west-1.amazonaws.com\/wp-content\/uploads\/2021\/12\/26145511\/inbound7485253563979876720-600x900.jpg 600w, https:\/\/de.ambaguinee.org\/wp-content\/uploads\/2021\/12\/inbound7485253563979876720.jpg 720w\" sizes=\"(max-width: 683px) 100vw, 683px\"><figcaption>SAIDOU SOW FEGUIFOOT <\/figcaption><\/figure>\n<figure class=\"wp-block-image size-full\"><img loading=\"lazy\" width=\"720\" height=\"480\"src=\"https:\/\/de.ambaguinee.org\/wp-content\/uploads\/2021\/12\/inbound4932447865711688811.jpg\" alt=\"\" class=\"wp-image-38294\" srcset=\"https:\/\/de.ambaguinee.org\/wp-content\/uploads\/2021\/12\/inbound4932447865711688811.jpg 720w, https:\/\/guineefootbucket.s3.eu-west-1.amazonaws.com\/wp-content\/uploads\/2021\/12\/26145449\/inbound4932447865711688811-300x200.jpg 300w, https:\/\/guineefootbucket.s3.eu-west-1.amazonaws.com\/wp-content\/uploads\/2021\/12\/26145449\/inbound4932447865711688811-600x400.jpg 600w\" sizes=\"(max-width: 720px) 100vw, 720px\"><\/figure>\n<p>L\u2019article <a rel=\"nofollow\" href=\"https:\/\/guineefoot.info\/flash-syli-saidou-sow-ousmane-kante-aguibou-sont-a-conakry-photos\/\">Flash Syli : Saidou Sow, Ousmane Kant\u00e9, Aguibou et Bayo sont \u00e0 Conakry (Photos)<\/a> est apparu en premier sur <a rel=\"nofollow\" href=\"https:\/\/guineefoot.info\/\">Guineefoot<\/a>.<\/p>\n<\/div>\n","protected":false},"excerpt":{"rendered":"<p>CONAKRY- Le regroupement du Syli National de Guin\u00e9e se poursuit \u00e0 Conakry avant le d\u00e9part de la d\u00e9l\u00e9gation ce lundi 27 d\u00e9cembre pour le Rwanda, pour le stage de pr\u00e9paration avant la CAN 2021 au Cameroun. Les 27 joueurs convoqu\u00e9s commencent \u00e0 rallier la capitale Guin\u00e9enne. En plus des locaux Moussa Camara, Morlaye Sylla Sylla, &hellip;<\/p>\n","protected":false},"author":1,"featured_media":0,"comment_status":"closed","ping_status":"closed","sticky":false,"template":"","format":"standard","meta":{"footnotes":""},"categories":[4],"tags":[],"_links":{"self":[{"href":"https:\/\/de.ambaguinee.org\/index.php?rest_route=\/wp\/v2\/posts\/20361"}],"collection":[{"href":"https:\/\/de.ambaguinee.org\/index.php?rest_route=\/wp\/v2\/posts"}],"about":[{"href":"https:\/\/de.ambaguinee.org\/index.php?rest_route=\/wp\/v2\/types\/post"}],"author":[{"embeddable":true,"href":"https:\/\/de.ambaguinee.org\/index.php?rest_route=\/wp\/v2\/users\/1"}],"replies":[{"embeddable":true,"href":"https:\/\/de.ambaguinee.org\/index.php?rest_route=%2Fwp%2Fv2%2Fcomments&post=20361"}],"version-history":[{"count":0,"href":"https:\/\/de.ambaguinee.org\/index.php?rest_route=\/wp\/v2\/posts\/20361\/revisions"}],"wp:attachment":[{"href":"https:\/\/de.ambaguinee.org\/index.php?rest_route=%2Fwp%2Fv2%2Fmedia&parent=20361"}],"wp:term":[{"taxonomy":"category","embeddable":true,"href":"https:\/\/de.ambaguinee.org\/index.php?rest_route=%2Fwp%2Fv2%2Fcategories&post=20361"},{"taxonomy":"post_tag","embeddable":true,"href":"https:\/\/de.ambaguinee.org\/index.php?rest_route=%2Fwp%2Fv2%2Ftags&post=20361"}],"curies":[{"name":"wp","href":"https:\/\/api.w.org\/{rel}","templated":true}]}}