{"id":20427,"date":"2021-12-27T23:04:38","date_gmt":"2021-12-27T22:04:38","guid":{"rendered":"https:\/\/de.ambaguinee.org\/?p=20427"},"modified":"2021-12-27T23:04:38","modified_gmt":"2021-12-27T22:04:38","slug":"can-2021-le-syli-a-recu-le-drapeau-des-mains-du-colonel-mamady-doumbouya-photos","status":"publish","type":"post","link":"https:\/\/de.ambaguinee.org\/?p=20427","title":{"rendered":"CAN 2021 : le Syli a re\u00e7u le drapeau des mains du colonel Mamady Doumbouya (Photos)"},"content":{"rendered":"<div>\n<p><strong>CONAKRY- Dans l\u2019apr\u00e8s-midi de ce lundi 27 d\u00e9cembre, le Pr\u00e9sident de la transition guin\u00e9enne, le colonel Mamady Doumbouya, a re\u00e7u l\u2019\u00e9quipe du Syli. Cette rencontre s\u2019inscrit dans le cadre de la remise officielle du drapeau \u00e0 la d\u00e9l\u00e9gation guin\u00e9enne avant le d\u00e9part pour la prochaine CAN au Cameroun<\/strong>. <\/p>\n<p>Devant le Pr\u00e9sident et le premier ministre Mohamed B\u00e9avogui ainsi que le ministre des sports Lansana B\u00e9a Diallo, le capitaine du jour a re\u00e7u le tricolore guin\u00e9en. Le Syli a re\u00e7u tous les encouragements et le soutien du gouvernement guin\u00e9en qui dit s\u2019attendre \u00e0 un parcours honorable de l\u2019\u00e9quipe de Kaba Diawara \u00e0 la coupe d\u2019Afrique. <\/p>\n<p><strong>VOICI QUELQUES PHOTOS DE CETTE RENCONTRE <\/strong><\/p>\n<figure class=\"wp-block-image size-full\"><img loading=\"lazy\" width=\"720\" height=\"480\"src=\"https:\/\/de.ambaguinee.org\/wp-content\/uploads\/2021\/12\/inbound3231147201207116824.jpg\" alt=\"\" class=\"wp-image-38342\" srcset=\"https:\/\/de.ambaguinee.org\/wp-content\/uploads\/2021\/12\/inbound3231147201207116824.jpg 720w, https:\/\/guineefootbucket.s3.eu-west-1.amazonaws.com\/wp-content\/uploads\/2021\/12\/27190950\/inbound3231147201207116824-300x200.jpg 300w, https:\/\/guineefootbucket.s3.eu-west-1.amazonaws.com\/wp-content\/uploads\/2021\/12\/27190950\/inbound3231147201207116824-600x400.jpg 600w\" sizes=\"(max-width: 720px) 100vw, 720px\"><\/figure>\n<figure class=\"wp-block-image size-full\"><img loading=\"lazy\" width=\"720\" height=\"480\"src=\"https:\/\/de.ambaguinee.org\/wp-content\/uploads\/2021\/12\/inbound3813116857883970028.jpg\" alt=\"\" class=\"wp-image-38339\" srcset=\"https:\/\/de.ambaguinee.org\/wp-content\/uploads\/2021\/12\/inbound3813116857883970028.jpg 720w, https:\/\/guineefootbucket.s3.eu-west-1.amazonaws.com\/wp-content\/uploads\/2021\/12\/27190849\/inbound3813116857883970028-300x200.jpg 300w, https:\/\/guineefootbucket.s3.eu-west-1.amazonaws.com\/wp-content\/uploads\/2021\/12\/27190849\/inbound3813116857883970028-600x400.jpg 600w\" sizes=\"(max-width: 720px) 100vw, 720px\"><\/figure>\n<figure class=\"wp-block-image size-full\"><img loading=\"lazy\" width=\"720\" height=\"480\"src=\"https:\/\/de.ambaguinee.org\/wp-content\/uploads\/2021\/12\/inbound6699498206163317202.jpg\" alt=\"\" class=\"wp-image-38341\" srcset=\"https:\/\/de.ambaguinee.org\/wp-content\/uploads\/2021\/12\/inbound6699498206163317202.jpg 720w, https:\/\/guineefootbucket.s3.eu-west-1.amazonaws.com\/wp-content\/uploads\/2021\/12\/27190921\/inbound6699498206163317202-300x200.jpg 300w, https:\/\/guineefootbucket.s3.eu-west-1.amazonaws.com\/wp-content\/uploads\/2021\/12\/27190921\/inbound6699498206163317202-600x400.jpg 600w\" sizes=\"(max-width: 720px) 100vw, 720px\"><\/figure>\n<figure class=\"wp-block-image size-full\"><img loading=\"lazy\" width=\"720\" height=\"480\"src=\"https:\/\/de.ambaguinee.org\/wp-content\/uploads\/2021\/12\/inbound4423914438254894432.jpg\" alt=\"\" class=\"wp-image-38343\" srcset=\"https:\/\/de.ambaguinee.org\/wp-content\/uploads\/2021\/12\/inbound4423914438254894432.jpg 720w, https:\/\/guineefootbucket.s3.eu-west-1.amazonaws.com\/wp-content\/uploads\/2021\/12\/27191012\/inbound4423914438254894432-300x200.jpg 300w, https:\/\/guineefootbucket.s3.eu-west-1.amazonaws.com\/wp-content\/uploads\/2021\/12\/27191012\/inbound4423914438254894432-600x400.jpg 600w\" sizes=\"(max-width: 720px) 100vw, 720px\"><\/figure>\n<p>L\u2019article <a rel=\"nofollow\" href=\"https:\/\/guineefoot.info\/can-2021-le-syli-a-recu-le-drapeau-des-mains-du-colonel-mamady-doumbouyaphotos\/\">CAN 2021 : le Syli a re\u00e7u le drapeau des mains du colonel Mamady Doumbouya (Photos)<\/a> est apparu en premier sur <a rel=\"nofollow\" href=\"https:\/\/guineefoot.info\/\">Guineefoot<\/a>.<\/p>\n<\/div>\n","protected":false},"excerpt":{"rendered":"<p>CONAKRY- Dans l\u2019apr\u00e8s-midi de ce lundi 27 d\u00e9cembre, le Pr\u00e9sident de la transition guin\u00e9enne, le colonel Mamady Doumbouya, a re\u00e7u l\u2019\u00e9quipe du Syli. Cette rencontre s\u2019inscrit dans le cadre de la remise officielle du drapeau \u00e0 la d\u00e9l\u00e9gation guin\u00e9enne avant le d\u00e9part pour la prochaine CAN au Cameroun. Devant le Pr\u00e9sident et le premier ministre &hellip;<\/p>\n","protected":false},"author":1,"featured_media":0,"comment_status":"closed","ping_status":"closed","sticky":false,"template":"","format":"standard","meta":{"footnotes":""},"categories":[4],"tags":[],"_links":{"self":[{"href":"https:\/\/de.ambaguinee.org\/index.php?rest_route=\/wp\/v2\/posts\/20427"}],"collection":[{"href":"https:\/\/de.ambaguinee.org\/index.php?rest_route=\/wp\/v2\/posts"}],"about":[{"href":"https:\/\/de.ambaguinee.org\/index.php?rest_route=\/wp\/v2\/types\/post"}],"author":[{"embeddable":true,"href":"https:\/\/de.ambaguinee.org\/index.php?rest_route=\/wp\/v2\/users\/1"}],"replies":[{"embeddable":true,"href":"https:\/\/de.ambaguinee.org\/index.php?rest_route=%2Fwp%2Fv2%2Fcomments&post=20427"}],"version-history":[{"count":0,"href":"https:\/\/de.ambaguinee.org\/index.php?rest_route=\/wp\/v2\/posts\/20427\/revisions"}],"wp:attachment":[{"href":"https:\/\/de.ambaguinee.org\/index.php?rest_route=%2Fwp%2Fv2%2Fmedia&parent=20427"}],"wp:term":[{"taxonomy":"category","embeddable":true,"href":"https:\/\/de.ambaguinee.org\/index.php?rest_route=%2Fwp%2Fv2%2Fcategories&post=20427"},{"taxonomy":"post_tag","embeddable":true,"href":"https:\/\/de.ambaguinee.org\/index.php?rest_route=%2Fwp%2Fv2%2Ftags&post=20427"}],"curies":[{"name":"wp","href":"https:\/\/api.w.org\/{rel}","templated":true}]}}