{"id":21934,"date":"2022-01-23T23:04:24","date_gmt":"2022-01-23T22:04:24","guid":{"rendered":"https:\/\/de.ambaguinee.org\/?p=21934"},"modified":"2022-01-23T23:04:24","modified_gmt":"2022-01-23T22:04:24","slug":"flash-syli-issiaga-sylla-forfait-contre-la-gambie","status":"publish","type":"post","link":"https:\/\/de.ambaguinee.org\/?p=21934","title":{"rendered":"Flash Syli : Issiaga Sylla forfait contre la Gambie"},"content":{"rendered":"<div>\n<p><strong>BAFOUSSAM- C\u2019est d\u00e9sormais officiel, le d\u00e9fenseur international lat\u00e9ral gauche Issiaga Sylla ne jouera pas le match de huiti\u00e8mes de finale contre la Gambie ce lundi. Issiaga Sylla qui souffre d\u2019une contusion musculaire est oblig\u00e9 de d\u00e9clarer forfait car il n\u2019a pas r\u00e9cup\u00e9rer toutes ses aptitudes<\/strong> <strong>physiques<\/strong>. <\/p>\n<p>Apr\u00e8s donc apr\u00e8s Naby Ke\u00efta, suspendu pour cumul de cartons, c\u2019est Issiaga Sylla, premier buteur du Syli \u00e0 la CAN 2021, qui se voit oblig\u00e9 de d\u00e9clarer forfait. Un coup dur pour le staff technique et le s\u00e9lectionneur Kaba, ainsi que les supporters guin\u00e9ens. C\u2019est Pa Konat\u00e9 qui prendra la place d\u2019Issiaga Sylla au couloir gauche ce lundi contre la Gambie \u00e0 16h<\/p>\n<p><strong>Mohamed LAMINE TOUR\u00c9, depuis Bafoussam <\/strong><\/p>\n<p>L\u2019article <a rel=\"nofollow\" href=\"https:\/\/guineefoot.info\/flash-syli-issiaga-sylla-forfait-contre-la-gambie\/\">Flash Syli : Issiaga Sylla forfait contre la Gambie<\/a> est apparu en premier sur <a rel=\"nofollow\" href=\"https:\/\/guineefoot.info\/\">Guineefoot<\/a>.<\/p>\n<\/div>\n","protected":false},"excerpt":{"rendered":"<p>BAFOUSSAM- C\u2019est d\u00e9sormais officiel, le d\u00e9fenseur international lat\u00e9ral gauche Issiaga Sylla ne jouera pas le match de huiti\u00e8mes de finale contre la Gambie ce lundi. Issiaga Sylla qui souffre d\u2019une contusion musculaire est oblig\u00e9 de d\u00e9clarer forfait car il n\u2019a pas r\u00e9cup\u00e9rer toutes ses aptitudes physiques. Apr\u00e8s donc apr\u00e8s Naby Ke\u00efta, suspendu pour cumul de &hellip;<\/p>\n","protected":false},"author":1,"featured_media":0,"comment_status":"closed","ping_status":"closed","sticky":false,"template":"","format":"standard","meta":{"footnotes":""},"categories":[4],"tags":[],"_links":{"self":[{"href":"https:\/\/de.ambaguinee.org\/index.php?rest_route=\/wp\/v2\/posts\/21934"}],"collection":[{"href":"https:\/\/de.ambaguinee.org\/index.php?rest_route=\/wp\/v2\/posts"}],"about":[{"href":"https:\/\/de.ambaguinee.org\/index.php?rest_route=\/wp\/v2\/types\/post"}],"author":[{"embeddable":true,"href":"https:\/\/de.ambaguinee.org\/index.php?rest_route=\/wp\/v2\/users\/1"}],"replies":[{"embeddable":true,"href":"https:\/\/de.ambaguinee.org\/index.php?rest_route=%2Fwp%2Fv2%2Fcomments&post=21934"}],"version-history":[{"count":0,"href":"https:\/\/de.ambaguinee.org\/index.php?rest_route=\/wp\/v2\/posts\/21934\/revisions"}],"wp:attachment":[{"href":"https:\/\/de.ambaguinee.org\/index.php?rest_route=%2Fwp%2Fv2%2Fmedia&parent=21934"}],"wp:term":[{"taxonomy":"category","embeddable":true,"href":"https:\/\/de.ambaguinee.org\/index.php?rest_route=%2Fwp%2Fv2%2Fcategories&post=21934"},{"taxonomy":"post_tag","embeddable":true,"href":"https:\/\/de.ambaguinee.org\/index.php?rest_route=%2Fwp%2Fv2%2Ftags&post=21934"}],"curies":[{"name":"wp","href":"https:\/\/api.w.org\/{rel}","templated":true}]}}