{"id":33959,"date":"2022-07-07T23:03:38","date_gmt":"2022-07-07T21:03:38","guid":{"rendered":"https:\/\/de.ambaguinee.org\/?p=33959"},"modified":"2022-07-07T23:03:38","modified_gmt":"2022-07-07T21:03:38","slug":"arrestation-de-fonike-mengue-et-cie-le-parquet-du-tpi-de-dixinn-dement-le-ministere-de-la-securite","status":"publish","type":"post","link":"https:\/\/de.ambaguinee.org\/?p=33959","title":{"rendered":"Arrestation de Fonik\u00e9 Mengu\u00e8 et Cie. Le parquet du TPI de Dixinn d\u00e9ment le minist\u00e8re de la S\u00e9curit\u00e9"},"content":{"rendered":"<div>\n<p>Hier dans un communiqu\u00e9 lu \u00e0 la t\u00e9l\u00e9vision nationale, le minist\u00e8re de la S\u00e9curit\u00e9 et de la protection civile a affirm\u00e9 que l\u2019arrestation de Fonik\u00e9 Mengu\u00e8 et Cie est faite suite \u00e0 une r\u00e9quisition sign\u00e9e du parquet de Dixinn. Ce jeudi 7 juillet, dans un communiqu\u00e9 que nous vous proposons ci-dessous, le parquet de Dixinn dit n\u2019avoir jamais sign\u00e9 une telle r\u00e9quisition.<\/p>\n<p>COMMUNIQUE DU PARQUET DU TRIBUNAL DU PREMI\u00c8RE INSTANCE DE DIXINN :<\/p>\n<p>Le 04 Juillet 2022, mon Parquet a re\u00e7u une d\u00e9nonciation et des instructions aux fins de poursuite judiciaire des d\u00e9lits flagrants d\u2019outrage \u00e0 Magistrat par le biais d\u2019un syst\u00e8me informatique et atteintes au respect d\u00fb \u00e0 la justice de Monsieur le Procureur G\u00e9n\u00e9ral pr\u00e8s la Cour d\u2019Appel de Conakry.<\/p>\n<p>En ex\u00e9cution desdites instructions et conform\u00e9ment aux dispositions des articles 43 et 47 du Code de Proc\u00e9dure P\u00e9nale, j\u2019ai, par courrier N\u00b0764\/PR\/TPI\/D\/2022 en date du 4 Juillet 2022 re\u00e7u \u00e0 la Direction Centrale de la Police Judiciaire le 05 Juillet 2022, transmis \u00e0 ce service pour enqu\u00eates diligentes et proc\u00e9dure appropri\u00e9e les instructions aux fins de poursuite judiciaire des d\u00e9lits d\u2019outrage \u00e0 Magistrat, atteinte au respect d\u00fb \u00e0 la justice par le biais d\u2019un syst\u00e8me informatique, injures contenues dans le courrier N\u00b0853\/2022 du 04 Juillet 2022 de Monsieur le Procureur G\u00e9n\u00e9ral pr\u00e8s la Cour d\u2019Appel de Conakry qu\u2019auraient commis les nomm\u00e9s Oumar SYLLA alias Fonik\u00e9 Mangu\u00e9, Alpha Midiaou BAH alias Djani Alfa, Billo BAH et autres.<\/p>\n<p>Mon Parquet a \u00e9t\u00e9 surpris et outr\u00e9 d\u2019apprendre par un communiqu\u00e9 du Minist\u00e8re de la S\u00e9curit\u00e9 et de la Protection Civile lu \u00e0 la t\u00e9l\u00e9vision nationale le 06 Juillet 2022 que l\u2019interpellation des susnomm\u00e9s aurait \u00e9t\u00e9 faite sur la base d\u2019une r\u00e9quisition sign\u00e9e du Procureur de la R\u00e9publique pr\u00e8s le Tribunal de Premi\u00e8re Instance de Dixinn.<\/p>\n<p>Ceci n\u2019est pas conforme \u00e0 la r\u00e9alit\u00e9 et ne refl\u00e8te pas les pratiques de mon Parquet.<\/p>\n<p>D\u2019ailleurs, le Parquet G\u00e9n\u00e9ral de la Cour d\u2019Appel de Conakry a dans un communiqu\u00e9 rendu public le 06 mercredi 2022 expliqu\u00e9 les conditions d\u2019interpellation des susnomm\u00e9s en mettant en exergue le caract\u00e8re flagrant des infractions poursuivies conform\u00e9ment aux dispositions de l\u2019article 63 du Code de Proc\u00e9dure P\u00e9nale.<\/p>\n<p>Mon Parquet ne cautionnera aucune violation des prescriptions l\u00e9gales et par cons\u00e9quent rassure son attachement aux valeurs qui gouvernent la proc\u00e9dure p\u00e9nale.<\/p>\n<p>Fait au Parquet, le 07 Juillet 2022<\/p>\n<p>Le Procureur de la R\u00e9publique<\/p>\n<p>Algassimou Diallo<\/p>\n<p>L\u2019article <a rel=\"nofollow\" href=\"https:\/\/www.guinee7.com\/arrestation-de-fonike-mengue-et-cie-le-parquet-du-tpi-de-dixinn-dement-le-ministere-de-la-securite\/\">Arrestation de Fonik\u00e9 Mengu\u00e8 et Cie. Le parquet du TPI de Dixinn d\u00e9ment le minist\u00e8re de la S\u00e9curit\u00e9<\/a> est apparu en premier sur <a rel=\"nofollow\" href=\"https:\/\/www.guinee7.com\/\">Guinee7.com<\/a>.<\/p>\n<\/div>\n","protected":false},"excerpt":{"rendered":"<p>Hier dans un communiqu\u00e9 lu \u00e0 la t\u00e9l\u00e9vision nationale, le minist\u00e8re de la S\u00e9curit\u00e9 et de la protection civile a affirm\u00e9 que l\u2019arrestation de Fonik\u00e9 Mengu\u00e8 et Cie est faite suite \u00e0 une r\u00e9quisition sign\u00e9e du parquet de Dixinn. Ce jeudi 7 juillet, dans un communiqu\u00e9 que nous vous proposons ci-dessous, le parquet de Dixinn &hellip;<\/p>\n","protected":false},"author":1,"featured_media":0,"comment_status":"closed","ping_status":"closed","sticky":false,"template":"","format":"standard","meta":{"footnotes":""},"categories":[2],"tags":[22],"_links":{"self":[{"href":"https:\/\/de.ambaguinee.org\/index.php?rest_route=\/wp\/v2\/posts\/33959"}],"collection":[{"href":"https:\/\/de.ambaguinee.org\/index.php?rest_route=\/wp\/v2\/posts"}],"about":[{"href":"https:\/\/de.ambaguinee.org\/index.php?rest_route=\/wp\/v2\/types\/post"}],"author":[{"embeddable":true,"href":"https:\/\/de.ambaguinee.org\/index.php?rest_route=\/wp\/v2\/users\/1"}],"replies":[{"embeddable":true,"href":"https:\/\/de.ambaguinee.org\/index.php?rest_route=%2Fwp%2Fv2%2Fcomments&post=33959"}],"version-history":[{"count":0,"href":"https:\/\/de.ambaguinee.org\/index.php?rest_route=\/wp\/v2\/posts\/33959\/revisions"}],"wp:attachment":[{"href":"https:\/\/de.ambaguinee.org\/index.php?rest_route=%2Fwp%2Fv2%2Fmedia&parent=33959"}],"wp:term":[{"taxonomy":"category","embeddable":true,"href":"https:\/\/de.ambaguinee.org\/index.php?rest_route=%2Fwp%2Fv2%2Fcategories&post=33959"},{"taxonomy":"post_tag","embeddable":true,"href":"https:\/\/de.ambaguinee.org\/index.php?rest_route=%2Fwp%2Fv2%2Ftags&post=33959"}],"curies":[{"name":"wp","href":"https:\/\/api.w.org\/{rel}","templated":true}]}}