{"id":45015,"date":"2022-11-25T23:04:30","date_gmt":"2022-11-25T22:04:30","guid":{"rendered":"https:\/\/de.ambaguinee.org\/?p=45015"},"modified":"2022-11-25T23:04:30","modified_gmt":"2022-11-25T22:04:30","slug":"damaro-retourne-en-prison-il-souffre-dune-maladie-cardiovasculaire-son-etat-se-complique-avocat","status":"publish","type":"post","link":"https:\/\/de.ambaguinee.org\/?p=45015","title":{"rendered":"Damaro retourne en prison. \u2018\u2018Il souffre d\u2019une maladie cardiovasculaire, son \u00e9tat se complique\u2019\u2019 (avocat)"},"content":{"rendered":"<div>\n<p>Amadou Damaro Camara, ancien pr\u00e9sident de l\u2019Assembl\u00e9e nationale, a \u00e9t\u00e9 \u00e9vacu\u00e9 d\u2019urgence de la prison \u00e0 l\u2019h\u00f4pital Ignace Deen hier jeudi.\u00a0 Contact\u00e9, ce vendredi 25 novembre 2022 par notre r\u00e9daction, son avocat, Me Santiba Kouyat\u00e9, en parle.<\/p>\n<p>\u00ab\u00a0Effectivement l\u2019honorable Amadou Damaro Camara, est malade et souffre des douleurs thoraciques tr\u00e8s intenses. C\u2019est raison pour laquelle il a \u00e9t\u00e9 transf\u00e9r\u00e9 hier \u00e0 l\u2019h\u00f4pital national Ignace Deen o\u00f9 il a \u00e9t\u00e9 soumis \u00e0 de multiples examens. Et les tout premiers r\u00e9sultats \u00e0 notre position rel\u00e8vent qu\u2019il souffre d\u2019une maladie cardiovasculaire au niveau de sa poitrine.\u00a0 Il en souffre atrocement, \u00e7a, je vous confirme l\u2019information\u00a0\u00bb, a r\u00e9v\u00e9l\u00e9 Me Santiba Kouyat\u00e9.<\/p>\n<p>Selon lui, son client a \u00e9t\u00e9 ramen\u00e9 en prison depuis hier mais \u00ab\u00a0son \u00e9tat est critique, \u00e7a je vous le confirme. Et, je vous informe \u00e9galement que, lorsqu\u2019il a \u00e9t\u00e9 admis \u00e0 la Maison centrale apr\u00e8s Ignace Deen, il a senti que trois de ses orteils du pied droit, il ne sentait plus le sang circuler dans ses trois orteils. Ce qui veut dire qu\u2019\u00e0 chaque instant c\u2019est des complications. Son \u00e9tat sant\u00e9 est vraiment critique et tr\u00e8s alarmant\u00a0\u00bb.<\/p>\n<p>L\u2019avocat est par ailleurs revenu sur les faits reproch\u00e9s \u00e0 son client. Il persiste et signe que le pr\u00e9sident de la 9\u00e8me l\u00e9gislature est une victime.<\/p>\n<p>\u00ab\u00a0Franchement, il y a un acharnement qui ne dit pas son nom contre honorable Amadou Damaro Camara. Franchement, jusqu\u2019\u00e0 date on se demande sur quel \u00e9l\u00e9ment ils se basent pour le maintenir en prison\u00a0\u00bb, a-t-il lanc\u00e9.<\/p>\n<p><strong>Bhoye Barry pour\u00a0<a href=\"http:\/\/guinee7.com\/\">guinee7.com<\/a><\/strong><\/p>\n<p>L\u2019article <a rel=\"nofollow\" href=\"https:\/\/www.guinee7.com\/damaro-retourne-en-prison-il-souffre-dune-maladie-cardiovasculaire-son-etat-se-complique-avocat\/\">Damaro retourne en prison. \u2018\u2018Il souffre d\u2019une maladie cardiovasculaire, son \u00e9tat se complique\u2019\u2019 (avocat)<\/a> est apparu en premier sur <a rel=\"nofollow\" href=\"https:\/\/www.guinee7.com\/\">Guinee7.com<\/a>.<\/p>\n<\/div>\n","protected":false},"excerpt":{"rendered":"<p>Amadou Damaro Camara, ancien pr\u00e9sident de l\u2019Assembl\u00e9e nationale, a \u00e9t\u00e9 \u00e9vacu\u00e9 d\u2019urgence de la prison \u00e0 l\u2019h\u00f4pital Ignace Deen hier jeudi.\u00a0 Contact\u00e9, ce vendredi 25 novembre 2022 par notre r\u00e9daction, son avocat, Me Santiba Kouyat\u00e9, en parle. \u00ab\u00a0Effectivement l\u2019honorable Amadou Damaro Camara, est malade et souffre des douleurs thoraciques tr\u00e8s intenses. C\u2019est raison pour laquelle &hellip;<\/p>\n","protected":false},"author":1,"featured_media":0,"comment_status":"closed","ping_status":"closed","sticky":false,"template":"","format":"standard","meta":{"footnotes":""},"categories":[2],"tags":[22],"_links":{"self":[{"href":"https:\/\/de.ambaguinee.org\/index.php?rest_route=\/wp\/v2\/posts\/45015"}],"collection":[{"href":"https:\/\/de.ambaguinee.org\/index.php?rest_route=\/wp\/v2\/posts"}],"about":[{"href":"https:\/\/de.ambaguinee.org\/index.php?rest_route=\/wp\/v2\/types\/post"}],"author":[{"embeddable":true,"href":"https:\/\/de.ambaguinee.org\/index.php?rest_route=\/wp\/v2\/users\/1"}],"replies":[{"embeddable":true,"href":"https:\/\/de.ambaguinee.org\/index.php?rest_route=%2Fwp%2Fv2%2Fcomments&post=45015"}],"version-history":[{"count":0,"href":"https:\/\/de.ambaguinee.org\/index.php?rest_route=\/wp\/v2\/posts\/45015\/revisions"}],"wp:attachment":[{"href":"https:\/\/de.ambaguinee.org\/index.php?rest_route=%2Fwp%2Fv2%2Fmedia&parent=45015"}],"wp:term":[{"taxonomy":"category","embeddable":true,"href":"https:\/\/de.ambaguinee.org\/index.php?rest_route=%2Fwp%2Fv2%2Fcategories&post=45015"},{"taxonomy":"post_tag","embeddable":true,"href":"https:\/\/de.ambaguinee.org\/index.php?rest_route=%2Fwp%2Fv2%2Ftags&post=45015"}],"curies":[{"name":"wp","href":"https:\/\/api.w.org\/{rel}","templated":true}]}}