{"id":45240,"date":"2022-11-28T23:04:24","date_gmt":"2022-11-28T22:04:24","guid":{"rendered":"https:\/\/de.ambaguinee.org\/?p=45240"},"modified":"2022-11-28T23:04:24","modified_gmt":"2022-11-28T22:04:24","slug":"jinvite-le-col-doumbouya-a-prendre-son-telephone-et-appeler-cellou-et-sidya-cellou-balde","status":"publish","type":"post","link":"https:\/\/de.ambaguinee.org\/?p=45240","title":{"rendered":"\u00ab J\u2019invite le Col Doumbouya \u00e0 prendre son t\u00e9l\u00e9phone et appeler Cellou et Sidya \u00bb (Cellou Bald\u00e9)"},"content":{"rendered":"<div>\n<p>Cellou Bald\u00e9, responsable des f\u00e9d\u00e9rations de l\u2019UFDG de l\u2019int\u00e9rieur du pays, plaide aupr\u00e8s du Colonel Mamadi Doumbouya, les sorts de Cellou Dalein Diallo et Sidya Tour\u00e9. Il demande au pr\u00e9sident de la Transition de faciliter leur retour apais\u00e9.<\/p>\n<p>\u00ab\u00a0Moi j\u2019invite humblement, le Colonel Mamadi Doumbouya \u00e0 prendre son t\u00e9l\u00e9phone appeler le pr\u00e9sident Cellou Dalein Diallo, appeler le pr\u00e9sident Sidya Tour\u00e9, organiser leur retour paisible en R\u00e9publique de Guin\u00e9e dans la s\u00e9r\u00e9nit\u00e9 et dans la paix, faire en sorte que le peuple de Guin\u00e9e se retrouve et discute de comment conduire la transition\u00a0\u00bb, a d\u00e9clar\u00e9 Cellou Bald\u00e9, samedi dernier \u00e0 l\u2019occasion de l\u2019AG de l\u2019UFDG.<\/p>\n<p>\u00ab\u00a0J\u2019invite carr\u00e9ment le Colonel \u00e0 lib\u00e9rer les prisonniers politiques et d\u2019opinion. Faire en sorte que Cellou Dalein et Sidya Tour\u00e9 reviennent en Guin\u00e9e\u00a0\u00bb, a-t-il insist\u00e9.<\/p>\n<p>Cellou Bald\u00e9, par ailleurs, pr\u00e9vient\u00a0: \u00ab\u00a0Ceux qui sont en train de lui dire que des \u00e9lections auront lieu en R\u00e9publique de Guin\u00e9e en excluant les principaux partis auxquels les Guin\u00e9ens ont fait confiance jusqu\u2019\u00e0 maintenant ils n\u2019aiment le Colonel, ils n\u2019aiment le CNRD, ils n\u2019aiment pas la Guin\u00e9e.\u00a0\u00bb<\/p>\n<p><strong>Bhoye Barry pour\u00a0<a href=\"http:\/\/guinee7.com\/\">guinee7.com<\/a><\/strong><\/p>\n<p>L\u2019article <a rel=\"nofollow\" href=\"https:\/\/www.guinee7.com\/jinvite-le-col-doumbouya-a-prendre-son-telephone-et-appeler-cellou-et-sidya-cellou-balde\/\">\u00ab J\u2019invite le Col Doumbouya \u00e0 prendre son t\u00e9l\u00e9phone et appeler Cellou et Sidya \u00bb (Cellou Bald\u00e9)<\/a> est apparu en premier sur <a rel=\"nofollow\" href=\"https:\/\/www.guinee7.com\/\">Guinee7.com<\/a>.<\/p>\n<\/div>\n","protected":false},"excerpt":{"rendered":"<p>Cellou Bald\u00e9, responsable des f\u00e9d\u00e9rations de l\u2019UFDG de l\u2019int\u00e9rieur du pays, plaide aupr\u00e8s du Colonel Mamadi Doumbouya, les sorts de Cellou Dalein Diallo et Sidya Tour\u00e9. Il demande au pr\u00e9sident de la Transition de faciliter leur retour apais\u00e9. \u00ab\u00a0Moi j\u2019invite humblement, le Colonel Mamadi Doumbouya \u00e0 prendre son t\u00e9l\u00e9phone appeler le pr\u00e9sident Cellou Dalein Diallo, &hellip;<\/p>\n","protected":false},"author":1,"featured_media":0,"comment_status":"closed","ping_status":"closed","sticky":false,"template":"","format":"standard","meta":{"footnotes":""},"categories":[2],"tags":[22],"_links":{"self":[{"href":"https:\/\/de.ambaguinee.org\/index.php?rest_route=\/wp\/v2\/posts\/45240"}],"collection":[{"href":"https:\/\/de.ambaguinee.org\/index.php?rest_route=\/wp\/v2\/posts"}],"about":[{"href":"https:\/\/de.ambaguinee.org\/index.php?rest_route=\/wp\/v2\/types\/post"}],"author":[{"embeddable":true,"href":"https:\/\/de.ambaguinee.org\/index.php?rest_route=\/wp\/v2\/users\/1"}],"replies":[{"embeddable":true,"href":"https:\/\/de.ambaguinee.org\/index.php?rest_route=%2Fwp%2Fv2%2Fcomments&post=45240"}],"version-history":[{"count":0,"href":"https:\/\/de.ambaguinee.org\/index.php?rest_route=\/wp\/v2\/posts\/45240\/revisions"}],"wp:attachment":[{"href":"https:\/\/de.ambaguinee.org\/index.php?rest_route=%2Fwp%2Fv2%2Fmedia&parent=45240"}],"wp:term":[{"taxonomy":"category","embeddable":true,"href":"https:\/\/de.ambaguinee.org\/index.php?rest_route=%2Fwp%2Fv2%2Fcategories&post=45240"},{"taxonomy":"post_tag","embeddable":true,"href":"https:\/\/de.ambaguinee.org\/index.php?rest_route=%2Fwp%2Fv2%2Ftags&post=45240"}],"curies":[{"name":"wp","href":"https:\/\/api.w.org\/{rel}","templated":true}]}}