{"id":45719,"date":"2022-12-05T23:00:54","date_gmt":"2022-12-05T22:00:54","guid":{"rendered":"https:\/\/de.ambaguinee.org\/?p=45719"},"modified":"2022-12-05T23:00:54","modified_gmt":"2022-12-05T22:00:54","slug":"la-cedeao-exige-de-la-junte-au-pouvoir-en-guinee-un-dialogue-inclusif","status":"publish","type":"post","link":"https:\/\/de.ambaguinee.org\/?p=45719","title":{"rendered":"La CEDEAO exige de la junte au pouvoir en Guin\u00e9e, un dialogue inclusif"},"content":{"rendered":"<div>\n<p>Au sommet des chefs d\u2019Etat de la CEDEAO, tenu dimanche \u00e0 Abuja. Les dirigeants de la sous-r\u00e9gion ont demand\u00e9 \u00e0 la junte au pouvoir \u00e0 Conakry d\u2019organiser un dialogue inclusif avec la participation de la soci\u00e9t\u00e9 civile. A d\u00e9faut de pouvoir le faire sur le territoire national, la CEDEAO propose ce dialogue inter-guin\u00e9en dans un autre pays.<\/p>\n<p>A rappeler que le gouvernement organise actuellement un \u00ab dialogue \u00bb sans les principaux partis politiques (RPG AEC d\u2019Alpha Cond\u00e9, l\u2019UFDG de Cellou Dalein Diallo et l\u2019UFR de Sidya Tour\u00e9).<\/p>\n<p><strong>Focus de guinee7.com<\/strong><\/p>\n<p>L\u2019article <a rel=\"nofollow\" href=\"https:\/\/www.guinee7.com\/la-cedeao-exige-de-la-junte-au-pouvoir-en-guinee-un-dialogue-inclusif\/\">La CEDEAO exige de la junte au pouvoir en Guin\u00e9e, un dialogue inclusif<\/a> est apparu en premier sur <a rel=\"nofollow\" href=\"https:\/\/www.guinee7.com\/\">Guinee7.com<\/a>.<\/p>\n<\/div>\n","protected":false},"excerpt":{"rendered":"<p>Au sommet des chefs d\u2019Etat de la CEDEAO, tenu dimanche \u00e0 Abuja. Les dirigeants de la sous-r\u00e9gion ont demand\u00e9 \u00e0 la junte au pouvoir \u00e0 Conakry d\u2019organiser un dialogue inclusif avec la participation de la soci\u00e9t\u00e9 civile. A d\u00e9faut de pouvoir le faire sur le territoire national, la CEDEAO propose ce dialogue inter-guin\u00e9en dans un &hellip;<\/p>\n","protected":false},"author":1,"featured_media":0,"comment_status":"closed","ping_status":"closed","sticky":false,"template":"","format":"standard","meta":{"footnotes":""},"categories":[2],"tags":[22],"_links":{"self":[{"href":"https:\/\/de.ambaguinee.org\/index.php?rest_route=\/wp\/v2\/posts\/45719"}],"collection":[{"href":"https:\/\/de.ambaguinee.org\/index.php?rest_route=\/wp\/v2\/posts"}],"about":[{"href":"https:\/\/de.ambaguinee.org\/index.php?rest_route=\/wp\/v2\/types\/post"}],"author":[{"embeddable":true,"href":"https:\/\/de.ambaguinee.org\/index.php?rest_route=\/wp\/v2\/users\/1"}],"replies":[{"embeddable":true,"href":"https:\/\/de.ambaguinee.org\/index.php?rest_route=%2Fwp%2Fv2%2Fcomments&post=45719"}],"version-history":[{"count":0,"href":"https:\/\/de.ambaguinee.org\/index.php?rest_route=\/wp\/v2\/posts\/45719\/revisions"}],"wp:attachment":[{"href":"https:\/\/de.ambaguinee.org\/index.php?rest_route=%2Fwp%2Fv2%2Fmedia&parent=45719"}],"wp:term":[{"taxonomy":"category","embeddable":true,"href":"https:\/\/de.ambaguinee.org\/index.php?rest_route=%2Fwp%2Fv2%2Fcategories&post=45719"},{"taxonomy":"post_tag","embeddable":true,"href":"https:\/\/de.ambaguinee.org\/index.php?rest_route=%2Fwp%2Fv2%2Ftags&post=45719"}],"curies":[{"name":"wp","href":"https:\/\/api.w.org\/{rel}","templated":true}]}}