{"id":45720,"date":"2022-12-05T23:00:54","date_gmt":"2022-12-05T22:00:54","guid":{"rendered":"https:\/\/de.ambaguinee.org\/?p=45720"},"modified":"2022-12-05T23:00:54","modified_gmt":"2022-12-05T22:00:54","slug":"proces-du-28-septembre-dadis-a-la-barre","status":"publish","type":"post","link":"https:\/\/de.ambaguinee.org\/?p=45720","title":{"rendered":"Proc\u00e8s du 28 septembre. Dadis \u00e0 la barre !"},"content":{"rendered":"<div>\n<p>Les audiences du proc\u00e8s des \u00e9v\u00e8nements du 28 Septembre 2009 ont \u00e9t\u00e9 repris ce matin du lundi 5 septembre 2022 avec la suite de la comparution du \u00a0colonel Claude Pivi. Apr\u00e8s lui, le pr\u00e9sident du tribunal a appel\u00e9 le capitaine Moussa Dadis Camara \u00e0 la barre.\u00a0 Mais sa pr\u00e9sence \u00e0 la barre n\u2019a \u00e9t\u00e9 que de tr\u00e8s courte dur\u00e9e. Puisque celui qui \u00e9tait le pr\u00e9sident de la junte militaire au pouvoir au moment des faits, a signifi\u00e9 au tribunal qu\u2019il n\u2019\u00e9tait pas apte \u00e0 \u00eatre jug\u00e9. L\u2019ancien chef de la junte \u00e9voque des raisons de sant\u00e9.<\/p>\n<p>Le pr\u00e9sident du tribunal qui dit n\u2019avoir pas de dossier m\u00e9dical vers\u00e9 dans le dossier, a demand\u00e9 au pr\u00e9venu de quelle maladie souffre\u00a0-t-il ? Une question qui est rest\u00e9e sans r\u00e9ponse.<\/p>\n<p>Finalement, le tribunal a d\u00e9cid\u00e9 de renvoyer l\u2019affaire au 12 d\u00e9cembre 2022 tout en rappelant qu\u2019\u00e0 la demande du conseil du capitaine Moussa Dadis Camara, trois semaines lui avaient \u00e9t\u00e9 accord\u00e9es afin qu\u2019il se r\u00e9tablisse.<\/p>\n<p><strong>Sam Samoura pour Guinee7.com\u00a0<\/strong><\/p>\n<p>L\u2019article <a rel=\"nofollow\" href=\"https:\/\/www.guinee7.com\/proces-du-28-septembre-dadis-a-la-barre\/\">Proc\u00e8s du 28 septembre. Dadis \u00e0 la barre !<\/a> est apparu en premier sur <a rel=\"nofollow\" href=\"https:\/\/www.guinee7.com\/\">Guinee7.com<\/a>.<\/p>\n<\/div>\n","protected":false},"excerpt":{"rendered":"<p>Les audiences du proc\u00e8s des \u00e9v\u00e8nements du 28 Septembre 2009 ont \u00e9t\u00e9 repris ce matin du lundi 5 septembre 2022 avec la suite de la comparution du \u00a0colonel Claude Pivi. Apr\u00e8s lui, le pr\u00e9sident du tribunal a appel\u00e9 le capitaine Moussa Dadis Camara \u00e0 la barre.\u00a0 Mais sa pr\u00e9sence \u00e0 la barre n\u2019a \u00e9t\u00e9 que &hellip;<\/p>\n","protected":false},"author":1,"featured_media":0,"comment_status":"closed","ping_status":"closed","sticky":false,"template":"","format":"standard","meta":{"footnotes":""},"categories":[2],"tags":[22],"_links":{"self":[{"href":"https:\/\/de.ambaguinee.org\/index.php?rest_route=\/wp\/v2\/posts\/45720"}],"collection":[{"href":"https:\/\/de.ambaguinee.org\/index.php?rest_route=\/wp\/v2\/posts"}],"about":[{"href":"https:\/\/de.ambaguinee.org\/index.php?rest_route=\/wp\/v2\/types\/post"}],"author":[{"embeddable":true,"href":"https:\/\/de.ambaguinee.org\/index.php?rest_route=\/wp\/v2\/users\/1"}],"replies":[{"embeddable":true,"href":"https:\/\/de.ambaguinee.org\/index.php?rest_route=%2Fwp%2Fv2%2Fcomments&post=45720"}],"version-history":[{"count":0,"href":"https:\/\/de.ambaguinee.org\/index.php?rest_route=\/wp\/v2\/posts\/45720\/revisions"}],"wp:attachment":[{"href":"https:\/\/de.ambaguinee.org\/index.php?rest_route=%2Fwp%2Fv2%2Fmedia&parent=45720"}],"wp:term":[{"taxonomy":"category","embeddable":true,"href":"https:\/\/de.ambaguinee.org\/index.php?rest_route=%2Fwp%2Fv2%2Fcategories&post=45720"},{"taxonomy":"post_tag","embeddable":true,"href":"https:\/\/de.ambaguinee.org\/index.php?rest_route=%2Fwp%2Fv2%2Ftags&post=45720"}],"curies":[{"name":"wp","href":"https:\/\/api.w.org\/{rel}","templated":true}]}}