{"id":46213,"date":"2022-12-12T23:03:26","date_gmt":"2022-12-12T22:03:26","guid":{"rendered":"https:\/\/de.ambaguinee.org\/?p=46213"},"modified":"2022-12-12T23:03:26","modified_gmt":"2022-12-12T22:03:26","slug":"balato-siguiri-un-malade-mental-se-donne-la-mort-par-pendaison","status":"publish","type":"post","link":"https:\/\/de.ambaguinee.org\/?p=46213","title":{"rendered":"Balato (Siguiri) : un malade mental se donne la mort par pendaison"},"content":{"rendered":"<div>\n<p>C\u2019est dans le district de Balato relevant de la sous-pr\u00e9fecture de Kintinia, pr\u00e9fecture de Siguiri, que Kabinet Camara \u00e2g\u00e9 de 28 ans s\u2019est donn\u00e9 la mort. Apr\u00e8s les enqu\u00eates sur le corps, cette mort est violente car le jeune d\u00e9funt n\u2019a aucune trace.<\/p>\n<p>\u00ab\u00a0On a \u00e9t\u00e9 inform\u00e9 par le procureur pr\u00e8s le tribunal de premi\u00e8re instance de Siguiri de la d\u00e9couverte d\u2019un corps. C\u2019est ainsi qu\u2019on s\u2019est rapidement rendu pour s\u2019enqu\u00e9rir des r\u00e9alit\u00e9s. Sur les lieux, nous avons trouv\u00e9 exactement que le jeune s\u2019\u00e9tait pendu.Nous avons demand\u00e9 \u00e0 sa famille, celle-ci nous a dit qu\u2019il \u00e9tait en Espagne lorsqu\u2019il a \u00e9t\u00e9 rapatri\u00e9. Il a eu un d\u00e9r\u00e8glement\u00a0 mental,\u00a0 il est devenu anormal\u00a0\u00bb, a-t-il expliqu\u00e9.<\/p>\n<p>Il faut retenir que la pendaison de ce jeune homme a surpris la plupart des collaborateurs et amis. C\u2019est apr\u00e8s les instructions donn\u00e9es par le procureur pr\u00e8s le tribunal de premi\u00e8re instance de Siguiri, Amadou Kindy Bald\u00e9, que le corps du jeune Kabinet Camara a \u00e9t\u00e9 inhum\u00e9.<\/p>\n<p><strong>Moussa Koutoubou Cond\u00e9, correspondant \u00e0 Siguiri<\/strong><\/p>\n<p><strong>+224622478601<\/strong><\/p>\n<\/div>\n","protected":false},"excerpt":{"rendered":"<p>C\u2019est dans le district de Balato relevant de la sous-pr\u00e9fecture de Kintinia, pr\u00e9fecture de Siguiri, que Kabinet Camara \u00e2g\u00e9 de 28 ans s\u2019est donn\u00e9 la mort. Apr\u00e8s les enqu\u00eates sur le corps, cette mort est violente car le jeune d\u00e9funt n\u2019a aucune trace. \u00ab\u00a0On a \u00e9t\u00e9 inform\u00e9 par le procureur pr\u00e8s le tribunal de premi\u00e8re &hellip;<\/p>\n","protected":false},"author":1,"featured_media":0,"comment_status":"closed","ping_status":"closed","sticky":false,"template":"","format":"standard","meta":{"footnotes":""},"categories":[2],"tags":[23],"_links":{"self":[{"href":"https:\/\/de.ambaguinee.org\/index.php?rest_route=\/wp\/v2\/posts\/46213"}],"collection":[{"href":"https:\/\/de.ambaguinee.org\/index.php?rest_route=\/wp\/v2\/posts"}],"about":[{"href":"https:\/\/de.ambaguinee.org\/index.php?rest_route=\/wp\/v2\/types\/post"}],"author":[{"embeddable":true,"href":"https:\/\/de.ambaguinee.org\/index.php?rest_route=\/wp\/v2\/users\/1"}],"replies":[{"embeddable":true,"href":"https:\/\/de.ambaguinee.org\/index.php?rest_route=%2Fwp%2Fv2%2Fcomments&post=46213"}],"version-history":[{"count":0,"href":"https:\/\/de.ambaguinee.org\/index.php?rest_route=\/wp\/v2\/posts\/46213\/revisions"}],"wp:attachment":[{"href":"https:\/\/de.ambaguinee.org\/index.php?rest_route=%2Fwp%2Fv2%2Fmedia&parent=46213"}],"wp:term":[{"taxonomy":"category","embeddable":true,"href":"https:\/\/de.ambaguinee.org\/index.php?rest_route=%2Fwp%2Fv2%2Fcategories&post=46213"},{"taxonomy":"post_tag","embeddable":true,"href":"https:\/\/de.ambaguinee.org\/index.php?rest_route=%2Fwp%2Fv2%2Ftags&post=46213"}],"curies":[{"name":"wp","href":"https:\/\/api.w.org\/{rel}","templated":true}]}}