{"id":46653,"date":"2022-12-20T23:03:46","date_gmt":"2022-12-20T22:03:46","guid":{"rendered":"https:\/\/de.ambaguinee.org\/?p=46653"},"modified":"2022-12-20T23:03:46","modified_gmt":"2022-12-20T22:03:46","slug":"proces-dadis-se-fache-et-crie-au-complot","status":"publish","type":"post","link":"https:\/\/de.ambaguinee.org\/?p=46653","title":{"rendered":"Proc\u00e8s. Dadis se f\u00e2che et crie au complot"},"content":{"rendered":"<div>\n<p>Me DS, un avocat de la partie civile, dans le proc\u00e8s du 28 septembre, a provoqu\u00e9 l\u2019ire de Dadis Camara quand il a dit que celui-ci au pouvoir tenait des discours creux. Par ailleurs, l\u2019avocat a mis l\u2019ancien putschiste face \u00e0 ses incoh\u00e9rences\u00a0: Il dit qu\u2019Alpha Cond\u00e9 a foment\u00e9 un complot contre lui cependant il l\u2019aurait soutenu pendant les \u00e9lections de 2010, 2015 et 2020. Coinc\u00e9 Dadis s\u2019est \u00e9nerv\u00e9 en lan\u00e7ant que l\u2019avocat aurait \u00e9t\u00e9 \u00ab\u00a0mont\u00e9\u00a0\u00bb contre lui.<\/p>\n<p>Il a fallu beaucoup de peines pour que le pr\u00e9sident du tribunal calme Dadis et ram\u00e8ne l\u2019ordre dans la salle.<\/p>\n<p><strong>Focus de guinee7.com \u00a0<\/strong><\/p>\n<p>L\u2019article <a rel=\"nofollow\" href=\"https:\/\/www.guinee7.com\/proces-dadis-se-fache-et-crie-au-complot\/\">Proc\u00e8s. Dadis se f\u00e2che et crie au complot<\/a> est apparu en premier sur <a rel=\"nofollow\" href=\"https:\/\/www.guinee7.com\/\">Guinee7.com<\/a>.<\/p>\n<\/div>\n","protected":false},"excerpt":{"rendered":"<p>Me DS, un avocat de la partie civile, dans le proc\u00e8s du 28 septembre, a provoqu\u00e9 l\u2019ire de Dadis Camara quand il a dit que celui-ci au pouvoir tenait des discours creux. Par ailleurs, l\u2019avocat a mis l\u2019ancien putschiste face \u00e0 ses incoh\u00e9rences\u00a0: Il dit qu\u2019Alpha Cond\u00e9 a foment\u00e9 un complot contre lui cependant il &hellip;<\/p>\n","protected":false},"author":1,"featured_media":0,"comment_status":"closed","ping_status":"closed","sticky":false,"template":"","format":"standard","meta":{"footnotes":""},"categories":[2],"tags":[22],"_links":{"self":[{"href":"https:\/\/de.ambaguinee.org\/index.php?rest_route=\/wp\/v2\/posts\/46653"}],"collection":[{"href":"https:\/\/de.ambaguinee.org\/index.php?rest_route=\/wp\/v2\/posts"}],"about":[{"href":"https:\/\/de.ambaguinee.org\/index.php?rest_route=\/wp\/v2\/types\/post"}],"author":[{"embeddable":true,"href":"https:\/\/de.ambaguinee.org\/index.php?rest_route=\/wp\/v2\/users\/1"}],"replies":[{"embeddable":true,"href":"https:\/\/de.ambaguinee.org\/index.php?rest_route=%2Fwp%2Fv2%2Fcomments&post=46653"}],"version-history":[{"count":0,"href":"https:\/\/de.ambaguinee.org\/index.php?rest_route=\/wp\/v2\/posts\/46653\/revisions"}],"wp:attachment":[{"href":"https:\/\/de.ambaguinee.org\/index.php?rest_route=%2Fwp%2Fv2%2Fmedia&parent=46653"}],"wp:term":[{"taxonomy":"category","embeddable":true,"href":"https:\/\/de.ambaguinee.org\/index.php?rest_route=%2Fwp%2Fv2%2Fcategories&post=46653"},{"taxonomy":"post_tag","embeddable":true,"href":"https:\/\/de.ambaguinee.org\/index.php?rest_route=%2Fwp%2Fv2%2Ftags&post=46653"}],"curies":[{"name":"wp","href":"https:\/\/api.w.org\/{rel}","templated":true}]}}