{"id":46734,"date":"2022-12-21T23:03:52","date_gmt":"2022-12-21T22:03:52","guid":{"rendered":"https:\/\/de.ambaguinee.org\/?p=46734"},"modified":"2022-12-21T23:03:52","modified_gmt":"2022-12-21T22:03:52","slug":"proces-du-28-septembre-la-comparution-de-kabinet-komara-reclamee-par-la-partie-civile","status":"publish","type":"post","link":"https:\/\/de.ambaguinee.org\/?p=46734","title":{"rendered":"Proc\u00e8s du 28 Septembre\/ La comparution de Kabinet Komara r\u00e9clam\u00e9e par la partie civile"},"content":{"rendered":"<div>\n<p><strong>L\u2019ancien pr\u00e9sident de la transition guin\u00e9enne, le Capitaine Moussa Dadis Camara, r\u00e9pondait aux questions de la partie civile ce mercredi pour le compte du proc\u00e8s des \u00e9v\u00e9nements du 28 septembre. Me Amadou Oury Diallo, l\u2019un des avocats de la partie civile a demand\u00e9 la comparution du premier ministre de la transition sous Dadis, Kabinet Komara, sur le motif d\u2019une rencontre qui s\u2019est d\u00e9roul\u00e9e dans la matin\u00e9e du 28 Septembre 2009.<\/strong><\/p>\n<p>Le Capitaine Dadis a reconnu avoir re\u00e7u, le premier ministre Kabinet Komara et le Colonel Tiegboro dans la matin\u00e9e du 28 septembre 2009.<\/p>\n<p>\u00c0 la question de savoir si ces derniers \u00e9taient venus lui demander des instructions ou demander l\u2019autorisation de la manifestation, Dadis a affirm\u00e9 que :<em> \u00a0\u00bb \u00c7a n\u2019avait pas de rapport avec la manifestation.\u00a0\u00bb<\/em><\/p>\n<p>Ce qui a amen\u00e9 l\u2019avocat a demand\u00e9 s\u2019il est pr\u00eat \u00e0 \u00eatre confront\u00e9 \u00e0 Kabinet Komara sur le sujet ? L\u2019accus\u00e9 a r\u00e9pondu n ces termes :<em> \u00ab\u00a0si cela s\u2019av\u00e8re n\u00e9cessaire parce que je ne suis pas en contradiction avec ce que je dis. Avec votre sagesse, il n y a pas de probl\u00e8me monsieur le pr\u00e9sident (du tribunal, ndlr).\u00a0\u00bb<\/em><\/p>\n<p>Le proc\u00e8s du 28 septembre se poursuivra en 2023. D\u00e8s le 09 janvier, les comparutions des accus\u00e9s vont se poursuivre avec la suite de celle du capitaine Moussa Dadis Camara.<\/p>\n<p>Abdou Lory Sylla pour guinee7.com<\/p>\n<p>L\u2019article <a rel=\"nofollow\" href=\"https:\/\/www.guinee7.com\/proces-du-28-septembre-la-comparution-de-kabinet-komara-reclamee-par-la-partie-civile\/\">Proc\u00e8s du 28 Septembre\/ La comparution de Kabinet Komara r\u00e9clam\u00e9e par la partie civile<\/a> est apparu en premier sur <a rel=\"nofollow\" href=\"https:\/\/www.guinee7.com\/\">Guinee7.com<\/a>.<\/p>\n<\/div>\n","protected":false},"excerpt":{"rendered":"<p>L\u2019ancien pr\u00e9sident de la transition guin\u00e9enne, le Capitaine Moussa Dadis Camara, r\u00e9pondait aux questions de la partie civile ce mercredi pour le compte du proc\u00e8s des \u00e9v\u00e9nements du 28 septembre. Me Amadou Oury Diallo, l\u2019un des avocats de la partie civile a demand\u00e9 la comparution du premier ministre de la transition sous Dadis, Kabinet Komara, &hellip;<\/p>\n","protected":false},"author":1,"featured_media":0,"comment_status":"closed","ping_status":"closed","sticky":false,"template":"","format":"standard","meta":{"footnotes":""},"categories":[2],"tags":[22],"_links":{"self":[{"href":"https:\/\/de.ambaguinee.org\/index.php?rest_route=\/wp\/v2\/posts\/46734"}],"collection":[{"href":"https:\/\/de.ambaguinee.org\/index.php?rest_route=\/wp\/v2\/posts"}],"about":[{"href":"https:\/\/de.ambaguinee.org\/index.php?rest_route=\/wp\/v2\/types\/post"}],"author":[{"embeddable":true,"href":"https:\/\/de.ambaguinee.org\/index.php?rest_route=\/wp\/v2\/users\/1"}],"replies":[{"embeddable":true,"href":"https:\/\/de.ambaguinee.org\/index.php?rest_route=%2Fwp%2Fv2%2Fcomments&post=46734"}],"version-history":[{"count":0,"href":"https:\/\/de.ambaguinee.org\/index.php?rest_route=\/wp\/v2\/posts\/46734\/revisions"}],"wp:attachment":[{"href":"https:\/\/de.ambaguinee.org\/index.php?rest_route=%2Fwp%2Fv2%2Fmedia&parent=46734"}],"wp:term":[{"taxonomy":"category","embeddable":true,"href":"https:\/\/de.ambaguinee.org\/index.php?rest_route=%2Fwp%2Fv2%2Fcategories&post=46734"},{"taxonomy":"post_tag","embeddable":true,"href":"https:\/\/de.ambaguinee.org\/index.php?rest_route=%2Fwp%2Fv2%2Ftags&post=46734"}],"curies":[{"name":"wp","href":"https:\/\/api.w.org\/{rel}","templated":true}]}}