{"id":47064,"date":"2022-12-26T23:03:27","date_gmt":"2022-12-26T22:03:27","guid":{"rendered":"https:\/\/de.ambaguinee.org\/?p=47064"},"modified":"2022-12-26T23:03:27","modified_gmt":"2022-12-26T22:03:27","slug":"sekou-koureissy-avertit-cette-transition-aura-ete-un-echec-si-lon-ne-passe-pas-dun-regime-presidentiel-a-un-regime-parlementaire","status":"publish","type":"post","link":"https:\/\/de.ambaguinee.org\/?p=47064","title":{"rendered":"S\u00e9kou Koureissy avertit : \u00ab\u00a0cette transition aura \u00e9t\u00e9 un \u00e9chec si l\u2019on ne passe pas d\u2019un r\u00e9gime pr\u00e9sidentiel \u00e0 un r\u00e9gime parlementaire\u2026\u00a0\u00bb"},"content":{"rendered":"<div>\n<p>Universitaire reconnu et tr\u00e8s attach\u00e9 aux questions institutionnelles et r\u00e9publicaines, S\u00e9kou Koureissy Cond\u00e9, pr\u00e9sident du parti ARENA a mis en garde contre une transition b\u00e2cl\u00e9e. Pour lui, la Guin\u00e9e doit passer d\u2019un r\u00e9gime pr\u00e9sidentiel \u00e0 un r\u00e9gime parlementaire \u00ab\u00a0r\u00e9vis\u00e9 et adapt\u00e9\u00a0\u00bb.<br \/>\u00ab\u00a0Cette transition aura \u00e9t\u00e9 un \u00e9chec total si la Guin\u00e9e et les Guin\u00e9ens ne se donnent pas le temps et les moyens n\u00e9cessaires pour passer d\u2019un r\u00e9gime Pr\u00e9sidentiel \u00e0 un r\u00e9gime parlementaire r\u00e9vis\u00e9 et adapt\u00e9.<br \/>Nous pouvons servir de mod\u00e8le de changement et de prosp\u00e9rit\u00e9 en Afrique. Nous avons la ressource humaine suffisante pour conduire ce projet. Ayons l\u2019audace de notre temps et le courage de tirer les le\u00e7ons du pass\u00e9\u00a0\u00bb, a dit le docteur en sociologie politique et Directeur Ex\u00e9cutif du Cabinet Conseil Panafricain African Crisis Group.<\/p>\n<p><strong>Mayi<\/strong><\/p>\n<\/div>\n","protected":false},"excerpt":{"rendered":"<p>Universitaire reconnu et tr\u00e8s attach\u00e9 aux questions institutionnelles et r\u00e9publicaines, S\u00e9kou Koureissy Cond\u00e9, pr\u00e9sident du parti ARENA a mis en garde contre une transition b\u00e2cl\u00e9e. Pour lui, la Guin\u00e9e doit passer d\u2019un r\u00e9gime pr\u00e9sidentiel \u00e0 un r\u00e9gime parlementaire \u00ab\u00a0r\u00e9vis\u00e9 et adapt\u00e9\u00a0\u00bb.\u00ab\u00a0Cette transition aura \u00e9t\u00e9 un \u00e9chec total si la Guin\u00e9e et les Guin\u00e9ens ne se &hellip;<\/p>\n","protected":false},"author":1,"featured_media":0,"comment_status":"closed","ping_status":"closed","sticky":false,"template":"","format":"standard","meta":{"footnotes":""},"categories":[2],"tags":[23],"_links":{"self":[{"href":"https:\/\/de.ambaguinee.org\/index.php?rest_route=\/wp\/v2\/posts\/47064"}],"collection":[{"href":"https:\/\/de.ambaguinee.org\/index.php?rest_route=\/wp\/v2\/posts"}],"about":[{"href":"https:\/\/de.ambaguinee.org\/index.php?rest_route=\/wp\/v2\/types\/post"}],"author":[{"embeddable":true,"href":"https:\/\/de.ambaguinee.org\/index.php?rest_route=\/wp\/v2\/users\/1"}],"replies":[{"embeddable":true,"href":"https:\/\/de.ambaguinee.org\/index.php?rest_route=%2Fwp%2Fv2%2Fcomments&post=47064"}],"version-history":[{"count":0,"href":"https:\/\/de.ambaguinee.org\/index.php?rest_route=\/wp\/v2\/posts\/47064\/revisions"}],"wp:attachment":[{"href":"https:\/\/de.ambaguinee.org\/index.php?rest_route=%2Fwp%2Fv2%2Fmedia&parent=47064"}],"wp:term":[{"taxonomy":"category","embeddable":true,"href":"https:\/\/de.ambaguinee.org\/index.php?rest_route=%2Fwp%2Fv2%2Fcategories&post=47064"},{"taxonomy":"post_tag","embeddable":true,"href":"https:\/\/de.ambaguinee.org\/index.php?rest_route=%2Fwp%2Fv2%2Ftags&post=47064"}],"curies":[{"name":"wp","href":"https:\/\/api.w.org\/{rel}","templated":true}]}}