{"id":48191,"date":"2023-01-11T23:05:03","date_gmt":"2023-01-11T22:05:03","guid":{"rendered":"https:\/\/de.ambaguinee.org\/?p=48191"},"modified":"2023-01-11T23:05:03","modified_gmt":"2023-01-11T22:05:03","slug":"tpi-de-mafanco-abdouramane-sano-remporte-son-duel-face-au-procureur","status":"publish","type":"post","link":"https:\/\/de.ambaguinee.org\/?p=48191","title":{"rendered":"TPI de Mafanco\/ Abdouramane Sano remporte son duel face au procureur"},"content":{"rendered":"<div>\n<p>Le tribunal de premi\u00e8re instance de Mafanco a rendu son verdict dans l\u2019affaire qui oppose le minist\u00e8re public \u00e0 Abdourahamane Sano, ex coordinateur du FNDC, ce mercredi 11 janvier. Le tribunal a tout simplement prononc\u00e9 la relaxe pour l\u2019accus\u00e9 et a demand\u00e9 au procureur de mieux se pouvoir.<\/p>\n<p>A la sortie de la salle d\u2019audience, Me Mohamed Traor\u00e9, s\u2019est r\u00e9joui du verdict. <em>\u00ab\u00a0Je pense que le tribunal est all\u00e9 carr\u00e9ment dans le sens des plaidoiries que nous avons faites. Nous avons relev\u00e9 lors de nos plaidoiries que bien s\u00fbr le l\u00e9gislateur dit que les r\u00e9unions publiques doivent \u00eatre d\u00e9clar\u00e9es mais ce l\u00e9gislateur n\u2019a pas indiqu\u00e9 la sanction qui est encourue par celui qui organise une r\u00e9union non d\u00e9clar\u00e9e. Donc, il a constat\u00e9 effectivement que des r\u00e9unions ont \u00e9t\u00e9 faites, ces r\u00e9unions l\u00e0 n\u2019ont pas \u00e9t\u00e9 d\u00e9clar\u00e9es conform\u00e9ment \u00e0 l\u2019article 621 du code p\u00e9nal mais il n\u2019y a pas une sanction qui s\u2019attache \u00e0 l\u2019inobservation de cette obligation\u00a0\u00bb.<\/em><\/p>\n<p>Et d\u2019ajouter: <em>\u00ab\u00a0C\u2019est ce que nous avons cherch\u00e9 \u00e0 d\u00e9montrer, \u00e0 d\u00e9velopper lors des grandes plaidoiries qu\u2019on a eues \u00e0 faire. Malheureusement, le minist\u00e8re public n\u2019a pas compris de cette oreille. Je pense qu\u2019il aurait d\u00fb m\u00eame classer cette affaire sans suite mais il a voulu que l\u2019affaire vienne au tribunal et voil\u00e0 que la d\u00e9cision qui a \u00e9t\u00e9 rendue met purement et simplement Monsieur Sano hors de cause\u00a0\u00bb<\/em>.<\/p>\n<p>Bhoye Barry pour guinee7.com<\/p>\n<p>L\u2019article <a rel=\"nofollow\" href=\"https:\/\/www.guinee7.com\/tpi-de-mafanco-abdouramane-sano-remporte-son-duel-face-au-procureur\/\">TPI de Mafanco\/ Abdouramane Sano remporte son duel face au procureur<\/a> est apparu en premier sur <a rel=\"nofollow\" href=\"https:\/\/www.guinee7.com\/\">Guinee7.com<\/a>.<\/p>\n<\/div>\n","protected":false},"excerpt":{"rendered":"<p>Le tribunal de premi\u00e8re instance de Mafanco a rendu son verdict dans l\u2019affaire qui oppose le minist\u00e8re public \u00e0 Abdourahamane Sano, ex coordinateur du FNDC, ce mercredi 11 janvier. Le tribunal a tout simplement prononc\u00e9 la relaxe pour l\u2019accus\u00e9 et a demand\u00e9 au procureur de mieux se pouvoir. A la sortie de la salle d\u2019audience, &hellip;<\/p>\n","protected":false},"author":1,"featured_media":0,"comment_status":"closed","ping_status":"closed","sticky":false,"template":"","format":"standard","meta":{"footnotes":""},"categories":[2],"tags":[22],"_links":{"self":[{"href":"https:\/\/de.ambaguinee.org\/index.php?rest_route=\/wp\/v2\/posts\/48191"}],"collection":[{"href":"https:\/\/de.ambaguinee.org\/index.php?rest_route=\/wp\/v2\/posts"}],"about":[{"href":"https:\/\/de.ambaguinee.org\/index.php?rest_route=\/wp\/v2\/types\/post"}],"author":[{"embeddable":true,"href":"https:\/\/de.ambaguinee.org\/index.php?rest_route=\/wp\/v2\/users\/1"}],"replies":[{"embeddable":true,"href":"https:\/\/de.ambaguinee.org\/index.php?rest_route=%2Fwp%2Fv2%2Fcomments&post=48191"}],"version-history":[{"count":0,"href":"https:\/\/de.ambaguinee.org\/index.php?rest_route=\/wp\/v2\/posts\/48191\/revisions"}],"wp:attachment":[{"href":"https:\/\/de.ambaguinee.org\/index.php?rest_route=%2Fwp%2Fv2%2Fmedia&parent=48191"}],"wp:term":[{"taxonomy":"category","embeddable":true,"href":"https:\/\/de.ambaguinee.org\/index.php?rest_route=%2Fwp%2Fv2%2Fcategories&post=48191"},{"taxonomy":"post_tag","embeddable":true,"href":"https:\/\/de.ambaguinee.org\/index.php?rest_route=%2Fwp%2Fv2%2Ftags&post=48191"}],"curies":[{"name":"wp","href":"https:\/\/api.w.org\/{rel}","templated":true}]}}