{"id":48786,"date":"2023-01-19T23:03:30","date_gmt":"2023-01-19T22:03:30","guid":{"rendered":"https:\/\/de.ambaguinee.org\/?p=48786"},"modified":"2023-01-19T23:03:30","modified_gmt":"2023-01-19T22:03:30","slug":"affaire-khady-diop-a-dakar-morisanda-annonce-un-denouement-heureux","status":"publish","type":"post","link":"https:\/\/de.ambaguinee.org\/?p=48786","title":{"rendered":"Affaire Khady Diop \u00e0 Dakar\/ Morisanda annonce un d\u00e9nouement heureux"},"content":{"rendered":"<div>\n<p>Une affaire concernant l\u2019artiste Khady Diop fait fureur depuis hier. D\u2019apr\u00e8s une vid\u00e9o, des Guin\u00e9ens ont \u00e9t\u00e9 victimes de violences \u00e0 l\u2019a\u00e9roport \u00e0 Dakar. Ce qui a irrit\u00e9 plusieurs citoyens, notamment sur les r\u00e9seaux sociaux.<\/p>\n<p>L\u2019artiste Guin\u00e9enne \u00e0 laquelle on attribue une vid\u00e9o montrant les violences a \u00e9galement dit son indignation face \u00e0 ce traitement dans une autre vid\u00e9o en direct.<\/p>\n<p>Dans une publication faite sur la page officielle du d\u00e9partement, le ministre des affaires \u00e9trang\u00e8res Guin\u00e9en, a annonc\u00e9 une bonne nouvelle pour notre compatriote. <em>\u00ab Au nom du Pr\u00e9sident de la Transition, Chef de l\u2019Etat, Chef Supr\u00eame des Arm\u00e9es, Colonel Mamadi DOUMBOUYA, je remercie les plus hautes autorit\u00e9s s\u00e9n\u00e9galaises pour le d\u00e9nouement heureux et fraternel de la situation cr\u00e9\u00e9e \u00e0 l\u2019a\u00e9roport de Dakar suite \u00e0 des incompr\u00e9hensions. Je remercie particuli\u00e8rement l\u2019Ambassadeur du S\u00e9n\u00e9gal en Guin\u00e9e, Madame Anna Semou Faye, qui a jou\u00e9 un r\u00f4le important au cours des n\u00e9gociations. Je r\u00e9affirme que la R\u00e9publique de Guin\u00e9e et la R\u00e9publique du S\u00e9n\u00e9gal sont des pays fr\u00e8res qui r\u00e9soudront toujours leurs diff\u00e9rends sous l\u2019arbre \u00e0 palabre africain \u00bb.<\/em><\/p>\n<p>Hier, sur la m\u00eame page, le ministre des Affaires \u00c9trang\u00e8res, de l\u2019int\u00e9gration africaine et des Guin\u00e9ens \u00e9tablis \u00e0 l\u2019\u00e9tranger, assurait que des dispositions seront prises. <em>\u00ab C\u2019est avec une vive \u00e9motion que nous avons vu les images de violences sur des Guin\u00e9ens \u00e0 l\u2019a\u00e9roport de Dakar. Le Gouvernement guin\u00e9en et son homologue s\u00e9n\u00e9galais sont \u00e0 pied d\u2019\u0153uvre pour situer les responsabilit\u00e9s et prendre en cons\u00e9quence les mesures qui s\u2019imposent. Toutes les Guin\u00e9ennes et tous les Guin\u00e9ens \u00e0 l\u2019ext\u00e9rieur sont et seront prot\u00e9g\u00e9s par le Gouvernement guin\u00e9en \u00bb.<\/em><\/p>\n<p>Abdou Lory Sylla pour guinee7.com<\/p>\n<p>L\u2019article <a rel=\"nofollow\" href=\"https:\/\/www.guinee7.com\/affaire-khady-diop-a-dakar-morisanda-annonce-un-denouement-heureux\/\">Affaire Khady Diop \u00e0 Dakar\/ Morisanda annonce un d\u00e9nouement heureux<\/a> est apparu en premier sur <a rel=\"nofollow\" href=\"https:\/\/www.guinee7.com\/\">Guinee7.com<\/a>.<\/p>\n<\/div>\n","protected":false},"excerpt":{"rendered":"<p>Une affaire concernant l\u2019artiste Khady Diop fait fureur depuis hier. D\u2019apr\u00e8s une vid\u00e9o, des Guin\u00e9ens ont \u00e9t\u00e9 victimes de violences \u00e0 l\u2019a\u00e9roport \u00e0 Dakar. Ce qui a irrit\u00e9 plusieurs citoyens, notamment sur les r\u00e9seaux sociaux. L\u2019artiste Guin\u00e9enne \u00e0 laquelle on attribue une vid\u00e9o montrant les violences a \u00e9galement dit son indignation face \u00e0 ce traitement &hellip;<\/p>\n","protected":false},"author":1,"featured_media":0,"comment_status":"closed","ping_status":"closed","sticky":false,"template":"","format":"standard","meta":{"footnotes":""},"categories":[2],"tags":[22],"_links":{"self":[{"href":"https:\/\/de.ambaguinee.org\/index.php?rest_route=\/wp\/v2\/posts\/48786"}],"collection":[{"href":"https:\/\/de.ambaguinee.org\/index.php?rest_route=\/wp\/v2\/posts"}],"about":[{"href":"https:\/\/de.ambaguinee.org\/index.php?rest_route=\/wp\/v2\/types\/post"}],"author":[{"embeddable":true,"href":"https:\/\/de.ambaguinee.org\/index.php?rest_route=\/wp\/v2\/users\/1"}],"replies":[{"embeddable":true,"href":"https:\/\/de.ambaguinee.org\/index.php?rest_route=%2Fwp%2Fv2%2Fcomments&post=48786"}],"version-history":[{"count":0,"href":"https:\/\/de.ambaguinee.org\/index.php?rest_route=\/wp\/v2\/posts\/48786\/revisions"}],"wp:attachment":[{"href":"https:\/\/de.ambaguinee.org\/index.php?rest_route=%2Fwp%2Fv2%2Fmedia&parent=48786"}],"wp:term":[{"taxonomy":"category","embeddable":true,"href":"https:\/\/de.ambaguinee.org\/index.php?rest_route=%2Fwp%2Fv2%2Fcategories&post=48786"},{"taxonomy":"post_tag","embeddable":true,"href":"https:\/\/de.ambaguinee.org\/index.php?rest_route=%2Fwp%2Fv2%2Ftags&post=48786"}],"curies":[{"name":"wp","href":"https:\/\/api.w.org\/{rel}","templated":true}]}}