{"id":49065,"date":"2023-01-23T23:03:22","date_gmt":"2023-01-23T22:03:22","guid":{"rendered":"https:\/\/de.ambaguinee.org\/?p=49065"},"modified":"2023-01-23T23:03:22","modified_gmt":"2023-01-23T22:03:22","slug":"le-parlement-marocain-decide-de-reconsiderer-ses-relations-avec-le-pe-et-de-les-soumettre-a-une-reevaluation-globale","status":"publish","type":"post","link":"https:\/\/de.ambaguinee.org\/?p=49065","title":{"rendered":"Le Parlement marocain d\u00e9cide de reconsid\u00e9rer ses relations avec le PE et de les soumettre \u00e0 une r\u00e9\u00e9valuation globale"},"content":{"rendered":"<div>\n<p>Le Parlement du Royaume du Maroc a annonc\u00e9 lundi sa d\u00e9cision de reconsid\u00e9rer ses relations avec le Parlement europ\u00e9en (PE) en les soumettant \u00e0 une r\u00e9\u00e9valuation globale, visant \u00e0 prendre des d\u00e9cisions fermes et appropri\u00e9es, suite aux derni\u00e8res positions du Parlement europ\u00e9en \u00e0 l\u2019\u00e9gard du Maroc.<\/p>\n<p>Cette annonce a \u00e9t\u00e9 faite dans une d\u00e9claration des deux Chambres du Parlement marocain lue par le pr\u00e9sident de la Chambre des Repr\u00e9sentants, Rachid Talbi Alami \u00e0 l\u2019issue d\u2019une r\u00e9union commune co-pr\u00e9sid\u00e9e avec le pr\u00e9sident de la Chambre des Conseillers, Enaam Mayara et marqu\u00e9e par les interventions des pr\u00e9sidents et des repr\u00e9sentants des diff\u00e9rents groupes et groupement parlementaires et les parlementaires sans appartenance politique.<\/p>\n<p>Le Parlement marocain a ainsi d\u00e9nonc\u00e9 la campagne tendancieuse qui cible le Royaume, et dont le dernier acte en date a \u00e9t\u00e9 l\u2019adoption par le PE d\u2019une r\u00e9solution le 19 janvier 2023.<\/p>\n<p>Le Parlement marocain a aussi d\u00e9cid\u00e9 d\u2019informer la Pr\u00e9sidence du PE du proc\u00e8s-verbal de cette s\u00e9ance contenant les positions et interventions des pr\u00e9sidents et des repr\u00e9sentants des diff\u00e9rents groupes et groupement parlementaires et les parlementaires sans appartenance politique lors de cette s\u00e9ance, ainsi que des d\u00e9cisions qui seront prises \u00e0 l\u2019avenir.<\/p>\n<p>\u00ab Le Parlement marocain prend note avec grand \u00e9tonnement et profonde consternation de cette r\u00e9solution, qui a gravement nui au capital confiance entre les deux institutions l\u00e9gislatives, et port\u00e9 profond\u00e9ment atteinte aux acquis positifs du travail commun sur plusieurs d\u00e9cennies \u00bb, indique-t-on dans cette d\u00e9claration des deux Chambres du Parlement, lue par le pr\u00e9sident de la Chambre des Repr\u00e9sentants, Rachid Talbi Alami.<\/p>\n<p>Il regrette que le Parlement europ\u00e9en se soit laiss\u00e9 entrainer par certains milieux hostiles en son sein, dans une campagne d\u2019accusations fallacieuses visant un partenaire traditionnel et cr\u00e9dible, qui assume des r\u00f4les majeurs dans la protection des droits et libert\u00e9s, et la d\u00e9fense de la paix et de la s\u00e9curit\u00e9 r\u00e9gionales et internationales. Partenaire qui est consid\u00e9r\u00e9 comme un pilier de la stabilit\u00e9, du bon voisinage et de la compr\u00e9hension entre les peuples, les cultures et les civilisations.<\/p>\n<p>Face \u00e0 cette d\u00e9rive dangereuse venant d\u2019une institution cens\u00e9e faire preuve de discernement, \u00eatre capable de distinguer les v\u00e9rit\u00e9s des contrev\u00e9rit\u00e9s, \u0153uvrer \u00e0 consacrer la primaut\u00e9 des principes et la protection des droits et l\u2019int\u00e9grit\u00e9 des l\u00e9gislations, dans le plein respect de la souverainet\u00e9 des Etats partenaires, le Parlement du Royaume du Maroc, toutes composantes confondues, d\u00e9nonce vigoureusement les tentatives hostiles de porter atteinte aux int\u00e9r\u00eats du Maroc et de ternir son image, ainsi qu\u2019aux relations profondes et historiques liant le Maroc et l\u2019Union Europ\u00e9enne ; relations qui reposent sur un socle de valeurs partag\u00e9es et d\u2019int\u00e9r\u00eats communs.<\/p>\n<p>Le Parlement marocain consid\u00e8re aussi que cette r\u00e9solution du PE constitue un d\u00e9passement inadmissible de ses pr\u00e9rogatives et attributions, et une attaque inacceptable contre la souverainet\u00e9, la dignit\u00e9 et l\u2019ind\u00e9pendance des institutions judiciaires du Royaume.<\/p>\n<p>Il exprime ainsi son rejet cat\u00e9gorique des relents de tutelle et des propensions \u00e0 donner des le\u00e7ons au Maroc de la part de quelque partie que ce soit et quel que soit le niveau des relations qui la lient au Royaume.<\/p>\n<p>Le Parlement marocain, avec toutes ses composantes et sensibilit\u00e9s politiques, exprime, en outre, sa d\u00e9ception vis-\u00e0-vis de la position n\u00e9gative et du r\u00f4le non-constructif jou\u00e9 lors des d\u00e9bats et des concertations au sujet du projet de la r\u00e9solution hostile \u00e0 notre pays, par certains groupes politiques appartenant \u00e0 un pays consid\u00e9r\u00e9 comme un partenaire historique du Maroc, de m\u00eame qu\u2019il d\u00e9plore ces positions et ces pratiques sans rapport avec la sinc\u00e9rit\u00e9 et la loyaut\u00e9 qu\u2019exige l\u2019esprit du partenariat.<\/p>\n<p>\u00ab Le Parlement n\u2019a nullement besoin de rappeler l\u2019attachement du Royaume aux droits de l\u2019Homme tels qu\u2019ils sont internationalement reconnus \u00bb, souligne la m\u00eame source, ajoutant que le Maroc se d\u00e9marque en effet, dans son environnement r\u00e9gional, par le dynamisme de sa soci\u00e9t\u00e9 civile, la vitalit\u00e9 de son paysage m\u00e9diatique et la cr\u00e9dibilit\u00e9 de ses institutions et m\u00e9canismes ind\u00e9pendants d\u00e9di\u00e9s aux droits de l\u2019Homme, ainsi que par son respect effectif des conventions internationales y aff\u00e9rentes, et sa marche volontariste vers la cons\u00e9cration et la consolidation de l\u2019Etat de droit et des institutions, dans le cadre du pluralisme politique et de la libert\u00e9 d\u2019opinion et d\u2019expression.<\/p>\n<p>Et le communiqu\u00e9 de poursuivre que le Parlement marocain veille au respect et \u00e0 l\u2019application des droits et libert\u00e9s, exerce le pouvoir l\u00e9gislatif, vote les lois, contr\u00f4le l\u2019action du gouvernement et \u00e9value les politiques publiques. Il est \u00e9galement charg\u00e9 de l\u00e9gif\u00e9rer dans des domaines tels les droits et libert\u00e9s fondamentales \u00e9nonc\u00e9s dans le pr\u00e9ambule et les articles de la Constitution du Royaume de 2011, et prioritairement la protection des droits humains, leur promotion et la contribution \u00e0 leur d\u00e9veloppement, en tenant compte du caract\u00e8re universel de ces droits et de leur indivisibilit\u00e9.<\/p>\n<p>Le Parlement marocain est un acteur majeur au sein de nombreuses organisations parlementaires, r\u00e9gionales et internationales, pr\u00e9cise la m\u00eame source, notant que force est de constater qu\u2019\u00e0 aucun moment une institution partenaire n\u2019avait outrepass\u00e9 ses attributions pour s\u2019attaquer de la sorte \u00e0 un Etat souverain et \u00e0 ses institutions en s\u2019immis\u00e7ant dans ses affaires internes, au moment o\u00f9 elle est tenue de respecter son ind\u00e9pendance et de consolider la confiance institutionnelle commune.<\/p>\n<p>\u00ab Le Parlement marocain \u00e9tait toujours un espace de dialogue et de communication multidimensionnel. Il a abrit\u00e9 de nombreux congr\u00e8s et rencontres publiques et th\u00e9matiques multilat\u00e9rales, aussi bien sur les plans international que continental et r\u00e9gional, ayant trait\u00e9 des questions d\u2019actualit\u00e9, notamment la lutte contre le terrorisme, la d\u00e9fense de la paix, la d\u00e9mocratie, la migration, les droits humains, l\u2019environnement, l\u2019int\u00e9gration des jeunes dans le d\u00e9veloppement, l\u2019\u00e9galit\u00e9 hommes\/femmes\u2026etc \u00bb, rappelle le communiqu\u00e9, relevant que de nombreux projets et programmes parlementaires communs entre le Parlement marocain et son homologue europ\u00e9en font aujourd\u2019hui l\u2019objet d\u2019interrogations et de questionnements l\u00e9gitimes, \u00e0 la lumi\u00e8re de ladite r\u00e9solution. Il en va de m\u00eame pour la coordination parlementaire sur plusieurs th\u00e8mes et dossiers, du fait de cette remise en cause de la confiance, la question \u00e9tant de savoir si le Parlement europ\u00e9en est toujours un partenaire strat\u00e9gique du Parlement marocain.<\/p>\n<p>Par ailleurs, le Parlement marocain rejette l\u2019instrumentalisation et la politisation d\u2019affaires relevant de la comp\u00e9tence de la justice p\u00e9nale et du droit commun ; affaires ayant fait l\u2019objet de poursuites voire de condamnations pour des faits n\u2019ayant aucun lien que ce soit avec une activit\u00e9 journalistique ou la pratique de la libert\u00e9 d\u2019opinion et d\u2019expression.<\/p>\n<p>Ces affaires, selon le communiqu\u00e9, portent en effet sur des faits de traite d\u2019\u00eatres humains, de viol, d\u2019agressions sexuelles ou d\u2019exploitation de la vuln\u00e9rabilit\u00e9 des personnes, passibles de peines lourdes tel que d\u2019usage de par le monde.<\/p>\n<p>A cet \u00e9gard, le Parlement marocain r\u00e9it\u00e8re la n\u00e9cessit\u00e9 de respecter le caract\u00e8re souverain et l\u2019ind\u00e9pendance de la justice marocaine, qui a constamment et scrupuleusement veill\u00e9 \u00e0 garantir les conditions et les fondements du proc\u00e8s \u00e9quitable.<\/p>\n<p>Le Parlement marocain consid\u00e8re que la r\u00e9solution du Parlement europ\u00e9en a sap\u00e9 les bases de confiance et de coop\u00e9ration entre les parlements marocain et europ\u00e9en et nui aux acquis positifs accumul\u00e9s au fil de d\u00e9cennies d\u2019action commune, au moment o\u00f9 nous aspirions tous \u00e0 de nouvelles perspectives prometteuses dans les relations entre les deux institutions vers davantage d\u2019efficience et de coordination au service de l\u2019int\u00e9r\u00eat commun de nos peuples.<\/p>\n<p>Et de soutenir que cette r\u00e9solution du PE a sciemment contourn\u00e9 tous les m\u00e9canismes institutionnels de dialogue et de coordination, lesquels avaient pr\u00e9cis\u00e9ment \u00e9t\u00e9 cr\u00e9\u00e9s pour servir de cadre de dialogue et de d\u00e9bat franc et sans exclusive, \u00e0 la hauteur du partenariat et du respect mutuel.<\/p>\n<p>\u00ab Cette r\u00e9solution a vid\u00e9 ces m\u00e9canismes de leur sens et finalit\u00e9, bafou\u00e9 les contenus et r\u00e9solutions des rencontres bilat\u00e9rales et multilat\u00e9rales, ainsi que les efforts inlassables men\u00e9s par la Commission Parlementaire Mixte Maroc-UE depuis sa cr\u00e9ation en octobre 2010, laquelle avait jusqu\u2019alors concr\u00e9tis\u00e9 la dimension parlementaire du partenariat entre le Maroc et l\u2019UE et jou\u00e9 un r\u00f4le important dans le renforcement et l\u2019institutionnalisation des relations entre les parlements marocain et europ\u00e9en \u00bb, d\u00e9plore-t-on.<\/p>\n<p>Dans ce sens, le Parlement marocain appelle les forces politiques europ\u00e9ennes \u00e0 faire preuve de sagesse et de discernement et \u00e0 rejeter tout amalgame d\u00e9lib\u00e9r\u00e9 entre les droits de l\u2019Homme, prot\u00e9g\u00e9s au Maroc par la Constitution, les lois et les institutions, d\u2019une part, et les all\u00e9gations v\u00e9hicul\u00e9es par certaines parties et organisations connues pour leurs positions hostiles et dogmatiques \u00e0 l\u2019encontre du Maroc, d\u2019autre part.<\/p>\n<\/div>\n","protected":false},"excerpt":{"rendered":"<p>Le Parlement du Royaume du Maroc a annonc\u00e9 lundi sa d\u00e9cision de reconsid\u00e9rer ses relations avec le Parlement europ\u00e9en (PE) en les soumettant \u00e0 une r\u00e9\u00e9valuation globale, visant \u00e0 prendre des d\u00e9cisions fermes et appropri\u00e9es, suite aux derni\u00e8res positions du Parlement europ\u00e9en \u00e0 l\u2019\u00e9gard du Maroc. Cette annonce a \u00e9t\u00e9 faite dans une d\u00e9claration des &hellip;<\/p>\n","protected":false},"author":1,"featured_media":0,"comment_status":"closed","ping_status":"closed","sticky":false,"template":"","format":"standard","meta":{"footnotes":""},"categories":[2],"tags":[23],"_links":{"self":[{"href":"https:\/\/de.ambaguinee.org\/index.php?rest_route=\/wp\/v2\/posts\/49065"}],"collection":[{"href":"https:\/\/de.ambaguinee.org\/index.php?rest_route=\/wp\/v2\/posts"}],"about":[{"href":"https:\/\/de.ambaguinee.org\/index.php?rest_route=\/wp\/v2\/types\/post"}],"author":[{"embeddable":true,"href":"https:\/\/de.ambaguinee.org\/index.php?rest_route=\/wp\/v2\/users\/1"}],"replies":[{"embeddable":true,"href":"https:\/\/de.ambaguinee.org\/index.php?rest_route=%2Fwp%2Fv2%2Fcomments&post=49065"}],"version-history":[{"count":0,"href":"https:\/\/de.ambaguinee.org\/index.php?rest_route=\/wp\/v2\/posts\/49065\/revisions"}],"wp:attachment":[{"href":"https:\/\/de.ambaguinee.org\/index.php?rest_route=%2Fwp%2Fv2%2Fmedia&parent=49065"}],"wp:term":[{"taxonomy":"category","embeddable":true,"href":"https:\/\/de.ambaguinee.org\/index.php?rest_route=%2Fwp%2Fv2%2Fcategories&post=49065"},{"taxonomy":"post_tag","embeddable":true,"href":"https:\/\/de.ambaguinee.org\/index.php?rest_route=%2Fwp%2Fv2%2Ftags&post=49065"}],"curies":[{"name":"wp","href":"https:\/\/api.w.org\/{rel}","templated":true}]}}