{"id":49546,"date":"2023-01-29T23:03:50","date_gmt":"2023-01-29T22:03:50","guid":{"rendered":"https:\/\/de.ambaguinee.org\/?p=49546"},"modified":"2023-01-29T23:03:50","modified_gmt":"2023-01-29T22:03:50","slug":"cadre-de-dialogue-inclusif-ceux-qui-veulent-le-rouvrir-quils-viennent-lansana-kouyate","status":"publish","type":"post","link":"https:\/\/de.ambaguinee.org\/?p=49546","title":{"rendered":"Cadre de dialogue inclusif: \u00abceux qui veulent le rouvrir, qu\u2019ils viennent\u00a0\u00bb (Lansana Kouyat\u00e9)"},"content":{"rendered":"<div>\n<p>Lors de\u00a0 son assembl\u00e9e g\u00e9n\u00e9rale hebdomadaire, le Parti de l\u2019Espoir pour le D\u00e9veloppement National (PEDN) a fait un aper\u00e7u sur l\u2019actualit\u00e9 siciopolitique ce samedi 28 janvier 2023.<\/p>\n<figure class=\"wp-block-image size-large\"><img data-dominant-color=\"736556\" data-has-transparency=\"false\" style=\"--dominant-color: #736556;\" decoding=\"async\" width=\"660\" height=\"495\"src=\"https:\/\/i0.wp.com\/mediaguinee.org\/wp-content\/uploads\/2023\/01\/1000098486-jpg.webp?w=2048&amp;ssl=1\" alt=\"\" class=\"not-transparent wp-image-216078\" srcset=\"https:\/\/i0.wp.com\/mediaguinee.org\/wp-content\/uploads\/2023\/01\/1000098486-jpg.webp?resize=1024%2C768&amp;ssl=1 1024w, https:\/\/i0.wp.com\/mediaguinee.org\/wp-content\/uploads\/2023\/01\/1000098486-jpg.webp?resize=300%2C225&amp;ssl=1 300w, https:\/\/i0.wp.com\/mediaguinee.org\/wp-content\/uploads\/2023\/01\/1000098486-jpg.webp?resize=768%2C576&amp;ssl=1 768w, https:\/\/i0.wp.com\/mediaguinee.org\/wp-content\/uploads\/2023\/01\/1000098486-jpg.webp?resize=1536%2C1152&amp;ssl=1 1536w, https:\/\/i0.wp.com\/mediaguinee.org\/wp-content\/uploads\/2023\/01\/1000098486-jpg.webp?w=2048&amp;ssl=1 2048w, https:\/\/i0.wp.com\/mediaguinee.org\/wp-content\/uploads\/2023\/01\/1000098486-jpg.webp?w=1320&amp;ssl=1 1320w, https:\/\/i0.wp.com\/mediaguinee.org\/wp-content\/uploads\/2023\/01\/1000098486-jpg.webp?w=1980&amp;ssl=1 1980w\" sizes=\"(max-width: 660px) 100vw, 660px\" data-recalc-dims=\"1\"><\/figure>\n<p>\u00c0 sa prise de parole, le pr\u00e9sident du parti, Lansana Kouyat\u00e9, s\u2019est prononc\u00e9 sur la r\u00e9ouverture du cadre de dialogue inter-guin\u00e9en. Pour lui, cette volont\u00e9 de certains leaders politiques de conditionner ce dialogue est inadmissible.<\/p>\n<p>D\u2019ailleurs pour lui,\u00a0 il n\u2019a jamais \u00e9t\u00e9 ferm\u00e9.<\/p>\n<p>\u00ab\u00a0C\u2019est la conclusion m\u00eame qui r\u00e9pond \u00e0 cette question. Le dialogue est ouvert, ce n\u2019est pas arr\u00eat\u00e9. Rappelez-vous que les facilitatrices \u00a0ont envoy\u00e9 huit (8) lettres, je crois, \u00e0 ma connaissance. Les huit (8) lettres sont arriv\u00e9es effectivement\u00a0 \u00e0\u00a0 destination, pas de r\u00e9ponse . Apr\u00e8s on entend d\u00e9localisation. Je vais vous le dire une fois pour toutes , il yba des d\u00e9localisations possibles . C\u2019est vrai pour certaines crises, il faut d\u00e9localiser. \u00c7a s\u2019est pass\u00e9 dans beaucoup de pays africains, dans les pays de l\u2019Est, de l\u2019Ouest, au Nord , au Sud. Pourquoi \u00e7a se fait ? C\u2019est quand le pays est divis\u00e9 en deux (2).[..] Je ne dis pas que le dialogue est derri\u00e8re nous. Quand les conclusions sont tir\u00e9es mais dans le m\u00eame rapport on dit que le dialogue continue. \u00c7a veut dire quoi ? \u00c7a veut dire que le point final n\u2019est pas mis. Un point est mis, un cadre est donn\u00e9. Ceux qui veulent rouvrir, qu\u2019ils viennent. \u00c7a se rouvre et on tient compte de leurs propositions et \u00e7a continue. \u00c7a ne veut pas dire qu\u2019on reste statique. \u00c7a veut dire qu\u2019on reste dynamique, on a cr\u00e9\u00e9 un r\u00e9sultat, ce r\u00e9sultat est l\u00e0 mais ce sont les m\u00eames documents vu que le dialogue continue \u00bb\u00a0 a-t-il laiss\u00e9 entendre.<\/p>\n<figure class=\"wp-block-image size-large\"><img data-dominant-color=\"4f5339\" data-has-transparency=\"false\" style=\"--dominant-color: #4f5339;\" decoding=\"async\" loading=\"lazy\" width=\"660\" height=\"371\"src=\"https:\/\/i0.wp.com\/mediaguinee.org\/wp-content\/uploads\/2023\/01\/1000098484-jpg.webp?w=2048&amp;ssl=1\" alt=\"\" class=\"not-transparent wp-image-216079\" srcset=\"https:\/\/i0.wp.com\/mediaguinee.org\/wp-content\/uploads\/2023\/01\/1000098484-jpg.webp?resize=1024%2C576&amp;ssl=1 1024w, https:\/\/i0.wp.com\/mediaguinee.org\/wp-content\/uploads\/2023\/01\/1000098484-jpg.webp?resize=300%2C169&amp;ssl=1 300w, https:\/\/i0.wp.com\/mediaguinee.org\/wp-content\/uploads\/2023\/01\/1000098484-jpg.webp?resize=768%2C432&amp;ssl=1 768w, https:\/\/i0.wp.com\/mediaguinee.org\/wp-content\/uploads\/2023\/01\/1000098484-jpg.webp?resize=1536%2C864&amp;ssl=1 1536w, https:\/\/i0.wp.com\/mediaguinee.org\/wp-content\/uploads\/2023\/01\/1000098484-jpg.webp?resize=870%2C489&amp;ssl=1 870w, https:\/\/i0.wp.com\/mediaguinee.org\/wp-content\/uploads\/2023\/01\/1000098484-jpg.webp?resize=895%2C503&amp;ssl=1 895w, https:\/\/i0.wp.com\/mediaguinee.org\/wp-content\/uploads\/2023\/01\/1000098484-jpg.webp?w=2048&amp;ssl=1 2048w, https:\/\/i0.wp.com\/mediaguinee.org\/wp-content\/uploads\/2023\/01\/1000098484-jpg.webp?w=1320&amp;ssl=1 1320w, https:\/\/i0.wp.com\/mediaguinee.org\/wp-content\/uploads\/2023\/01\/1000098484-jpg.webp?w=1980&amp;ssl=1 1980w\" sizes=\"(max-width: 660px) 100vw, 660px\" data-recalc-dims=\"1\"><\/figure>\n<p>Concernant son implication dans l\u2019affaire coton face \u00e0 la CRIEF, le pr\u00e9sident du PEDN dit \u00eatre serein et n\u2019a rien \u00e0 se reprocher.<\/p>\n<p>\u00abLe projet coton a \u00e9t\u00e9 jug\u00e9 deux (2) fois. Deux (2) fois on a pas entendu parler de Kouyat\u00e9. J\u2019ai m\u00eame donn\u00e9 les d\u00e9tails de ce projet. Je n\u2019ai pas\u00a0 \u00e0 continuer \u00e0 revenir sur \u00e7a . [\u2026] \u00a0 Le projet coton c\u2019est termin\u00e9. Le projet coton c\u2019est termin\u00e9. Tout cela c\u2019est du blabla. Vous pensez que Paribas est une petite banque o\u00f9 on peut man\u0153uvrer ce qui ne doit pas \u00eatre touch\u00e9 par la banque? L\u00e0 o\u00f9 j\u2019ai refus\u00e9 de faire payer mes voyages par l\u2019Etat parce qu\u2019on vivait une situation d\u2019exception, tous les voyages que j\u2019ai faits c\u2019\u00e9tait par des avions emprunt\u00e9s. Je n\u2019ai pas envoy\u00e9 une seule facture \u00bb, rassure-t-il.<\/p>\n<p><strong>Mayi Ciss\u00e9\u00a0<\/strong><\/p>\n<\/div>\n","protected":false},"excerpt":{"rendered":"<p>Lors de\u00a0 son assembl\u00e9e g\u00e9n\u00e9rale hebdomadaire, le Parti de l\u2019Espoir pour le D\u00e9veloppement National (PEDN) a fait un aper\u00e7u sur l\u2019actualit\u00e9 siciopolitique ce samedi 28 janvier 2023. \u00c0 sa prise de parole, le pr\u00e9sident du parti, Lansana Kouyat\u00e9, s\u2019est prononc\u00e9 sur la r\u00e9ouverture du cadre de dialogue inter-guin\u00e9en. Pour lui, cette volont\u00e9 de certains leaders &hellip;<\/p>\n","protected":false},"author":1,"featured_media":0,"comment_status":"closed","ping_status":"closed","sticky":false,"template":"","format":"standard","meta":{"footnotes":""},"categories":[2],"tags":[23],"_links":{"self":[{"href":"https:\/\/de.ambaguinee.org\/index.php?rest_route=\/wp\/v2\/posts\/49546"}],"collection":[{"href":"https:\/\/de.ambaguinee.org\/index.php?rest_route=\/wp\/v2\/posts"}],"about":[{"href":"https:\/\/de.ambaguinee.org\/index.php?rest_route=\/wp\/v2\/types\/post"}],"author":[{"embeddable":true,"href":"https:\/\/de.ambaguinee.org\/index.php?rest_route=\/wp\/v2\/users\/1"}],"replies":[{"embeddable":true,"href":"https:\/\/de.ambaguinee.org\/index.php?rest_route=%2Fwp%2Fv2%2Fcomments&post=49546"}],"version-history":[{"count":0,"href":"https:\/\/de.ambaguinee.org\/index.php?rest_route=\/wp\/v2\/posts\/49546\/revisions"}],"wp:attachment":[{"href":"https:\/\/de.ambaguinee.org\/index.php?rest_route=%2Fwp%2Fv2%2Fmedia&parent=49546"}],"wp:term":[{"taxonomy":"category","embeddable":true,"href":"https:\/\/de.ambaguinee.org\/index.php?rest_route=%2Fwp%2Fv2%2Fcategories&post=49546"},{"taxonomy":"post_tag","embeddable":true,"href":"https:\/\/de.ambaguinee.org\/index.php?rest_route=%2Fwp%2Fv2%2Ftags&post=49546"}],"curies":[{"name":"wp","href":"https:\/\/api.w.org\/{rel}","templated":true}]}}