{"id":66127,"date":"2024-05-04T22:34:11","date_gmt":"2024-05-04T20:34:11","guid":{"rendered":"https:\/\/de.ambaguinee.org\/?p=66127"},"modified":"2024-05-05T11:24:31","modified_gmt":"2024-05-05T09:24:31","slug":"aid-el-kebir-2023","status":"publish","type":"post","link":"https:\/\/de.ambaguinee.org\/?p=66127","title":{"rendered":"Aid El Kebir 2023"},"content":{"rendered":"\n<figure class=\"wp-block-gallery has-nested-images columns-default is-cropped wp-block-gallery-1 is-layout-flex wp-block-gallery-is-layout-flex\">\n<figure class=\"wp-block-image size-large\"><img loading=\"lazy\" decoding=\"async\" width=\"389\" height=\"607\" data-id=\"66130\" src=\"https:\/\/de.ambaguinee.org\/wp-content\/uploads\/2024\/05\/2023-07-04_12h30_52.png\" alt=\"\" class=\"wp-image-66130\" srcset=\"https:\/\/de.ambaguinee.org\/wp-content\/uploads\/2024\/05\/2023-07-04_12h30_52.png 389w, https:\/\/de.ambaguinee.org\/wp-content\/uploads\/2024\/05\/2023-07-04_12h30_52-192x300.png 192w\" sizes=\"(max-width: 389px) 100vw, 389px\" \/><\/figure>\n<\/figure>\n\n\n\n<figure class=\"wp-block-gallery has-nested-images columns-default is-cropped wp-block-gallery-2 is-layout-flex wp-block-gallery-is-layout-flex\">\n<figure class=\"wp-block-image size-large\"><img loading=\"lazy\" decoding=\"async\" width=\"389\" height=\"607\" data-id=\"66131\" src=\"https:\/\/de.ambaguinee.org\/wp-content\/uploads\/2024\/05\/2023-07-04_12h31_35-1.jpg\" alt=\"\" class=\"wp-image-66131\" srcset=\"https:\/\/de.ambaguinee.org\/wp-content\/uploads\/2024\/05\/2023-07-04_12h31_35-1.jpg 389w, https:\/\/de.ambaguinee.org\/wp-content\/uploads\/2024\/05\/2023-07-04_12h31_35-1-192x300.jpg 192w\" sizes=\"(max-width: 389px) 100vw, 389px\" \/><\/figure>\n<\/figure>\n\n\n\n<blockquote class=\"wp-block-quote\">\n<p>Son Excellence Monsieur l\u2019Ambassadeur Aliou BARRY, accompagn\u00e9 du personnel de l\u2019ambassade, a accompli la pri\u00e8re de l\u2019Aid El Kebir, avec la communaut\u00e9 guin\u00e9enne de Berlin \u00e0 Volkspark Humboldtain dans un environnement de convivialit\u00e9 et\u00a0de\u00a0fraternit\u00e9<\/p>\n<\/blockquote>\n","protected":false},"excerpt":{"rendered":"<p>Son Excellence Monsieur l\u2019Ambassadeur Aliou BARRY, accompagn\u00e9 du personnel de l\u2019ambassade, a accompli la pri\u00e8re de l\u2019Aid El Kebir, avec la communaut\u00e9 guin\u00e9enne de Berlin \u00e0 Volkspark Humboldtain dans un environnement de convivialit\u00e9 et\u00a0de\u00a0fraternit\u00e9<\/p>\n","protected":false},"author":6,"featured_media":0,"comment_status":"closed","ping_status":"closed","sticky":false,"template":"","format":"standard","meta":{"footnotes":""},"categories":[19],"tags":[],"_links":{"self":[{"href":"https:\/\/de.ambaguinee.org\/index.php?rest_route=\/wp\/v2\/posts\/66127"}],"collection":[{"href":"https:\/\/de.ambaguinee.org\/index.php?rest_route=\/wp\/v2\/posts"}],"about":[{"href":"https:\/\/de.ambaguinee.org\/index.php?rest_route=\/wp\/v2\/types\/post"}],"author":[{"embeddable":true,"href":"https:\/\/de.ambaguinee.org\/index.php?rest_route=\/wp\/v2\/users\/6"}],"replies":[{"embeddable":true,"href":"https:\/\/de.ambaguinee.org\/index.php?rest_route=%2Fwp%2Fv2%2Fcomments&post=66127"}],"version-history":[{"count":1,"href":"https:\/\/de.ambaguinee.org\/index.php?rest_route=\/wp\/v2\/posts\/66127\/revisions"}],"predecessor-version":[{"id":66132,"href":"https:\/\/de.ambaguinee.org\/index.php?rest_route=\/wp\/v2\/posts\/66127\/revisions\/66132"}],"wp:attachment":[{"href":"https:\/\/de.ambaguinee.org\/index.php?rest_route=%2Fwp%2Fv2%2Fmedia&parent=66127"}],"wp:term":[{"taxonomy":"category","embeddable":true,"href":"https:\/\/de.ambaguinee.org\/index.php?rest_route=%2Fwp%2Fv2%2Fcategories&post=66127"},{"taxonomy":"post_tag","embeddable":true,"href":"https:\/\/de.ambaguinee.org\/index.php?rest_route=%2Fwp%2Fv2%2Ftags&post=66127"}],"curies":[{"name":"wp","href":"https:\/\/api.w.org\/{rel}","templated":true}]}}