{"id":66172,"date":"2024-05-05T11:46:10","date_gmt":"2024-05-05T09:46:10","guid":{"rendered":"https:\/\/de.ambaguinee.org\/?p=66172"},"modified":"2024-05-05T20:22:12","modified_gmt":"2024-05-05T18:22:12","slug":"gala-de-foot-et-awards-des-seres-de-la-structure-born-to-shine-cologne","status":"publish","type":"post","link":"https:\/\/de.ambaguinee.org\/?p=66172","title":{"rendered":"Gala de Foot et Awards des S\u00e8r\u00e8s de la structure Born To Shine(\u00a0Cologne)"},"content":{"rendered":"\n<figure class=\"wp-block-image size-full is-resized\"><img loading=\"lazy\" decoding=\"async\" width=\"631\" height=\"644\" src=\"https:\/\/de.ambaguinee.org\/wp-content\/uploads\/2024\/05\/2023-08-04_10h04_32.png\" alt=\"\" class=\"wp-image-66173\" style=\"width:840px;height:auto\" srcset=\"https:\/\/de.ambaguinee.org\/wp-content\/uploads\/2024\/05\/2023-08-04_10h04_32.png 631w, https:\/\/de.ambaguinee.org\/wp-content\/uploads\/2024\/05\/2023-08-04_10h04_32-294x300.png 294w, https:\/\/de.ambaguinee.org\/wp-content\/uploads\/2024\/05\/2023-08-04_10h04_32-60x60.png 60w\" sizes=\"(max-width: 631px) 100vw, 631px\" \/><\/figure>\n\n\n\n<figure class=\"wp-block-image size-full is-resized\"><img loading=\"lazy\" decoding=\"async\" width=\"730\" height=\"610\" src=\"https:\/\/de.ambaguinee.org\/wp-content\/uploads\/2024\/05\/2023-08-04_10h04_04.png\" alt=\"\" class=\"wp-image-66174\" style=\"width:838px;height:auto\" srcset=\"https:\/\/de.ambaguinee.org\/wp-content\/uploads\/2024\/05\/2023-08-04_10h04_04.png 730w, https:\/\/de.ambaguinee.org\/wp-content\/uploads\/2024\/05\/2023-08-04_10h04_04-300x251.png 300w\" sizes=\"(max-width: 730px) 100vw, 730px\" \/><\/figure>\n\n\n\n<blockquote class=\"wp-block-quote\">\n<p>L\u2019Ambassade de la R\u00e9publique de Guin\u00e9e en R\u00e9publique F\u00e9d\u00e9rale d\u2019Allemagne a pris part, le samedi 29 juillet 2023 \u00e0 Cologne, \u00e0 la premi\u00e8re \u00e9dition de Gala de Foot et Awards des S\u00e8r\u00e8s de la structure Born To Shine. &nbsp;<\/p>\n\n\n\n<p>A cette occasion, l\u2019Ambassadeur SEM. Aliou BARRY a \u00e9t\u00e9 repr\u00e9sent\u00e9 \u00e0 cette rencontre sportive par&nbsp; &nbsp;M. Fara KAMANO, deuxi\u00e8me Conseiller Charg\u00e9 des affaires socio-culturelles accompagn\u00e9 de M. Dj\u00e9nou DIALLO attach\u00e9 Charg\u00e9 de la communication, pour soutenir et encourager le d\u00e9veloppement de la culture guin\u00e9enne.&nbsp;&nbsp;<\/p>\n<\/blockquote>\n","protected":false},"excerpt":{"rendered":"<p>L\u2019Ambassade de la R\u00e9publique de Guin\u00e9e en R\u00e9publique F\u00e9d\u00e9rale d\u2019Allemagne a pris part, le samedi 29 juillet 2023 \u00e0 Cologne, \u00e0 la premi\u00e8re \u00e9dition de Gala de Foot et Awards des S\u00e8r\u00e8s de la structure Born To Shine. &nbsp; A cette occasion, l\u2019Ambassadeur SEM. Aliou BARRY a \u00e9t\u00e9 repr\u00e9sent\u00e9 \u00e0 cette rencontre sportive par&nbsp; &nbsp;M. &hellip;<\/p>\n","protected":false},"author":6,"featured_media":0,"comment_status":"closed","ping_status":"closed","sticky":false,"template":"","format":"standard","meta":{"footnotes":""},"categories":[19,49],"tags":[],"_links":{"self":[{"href":"https:\/\/de.ambaguinee.org\/index.php?rest_route=\/wp\/v2\/posts\/66172"}],"collection":[{"href":"https:\/\/de.ambaguinee.org\/index.php?rest_route=\/wp\/v2\/posts"}],"about":[{"href":"https:\/\/de.ambaguinee.org\/index.php?rest_route=\/wp\/v2\/types\/post"}],"author":[{"embeddable":true,"href":"https:\/\/de.ambaguinee.org\/index.php?rest_route=\/wp\/v2\/users\/6"}],"replies":[{"embeddable":true,"href":"https:\/\/de.ambaguinee.org\/index.php?rest_route=%2Fwp%2Fv2%2Fcomments&post=66172"}],"version-history":[{"count":1,"href":"https:\/\/de.ambaguinee.org\/index.php?rest_route=\/wp\/v2\/posts\/66172\/revisions"}],"predecessor-version":[{"id":66175,"href":"https:\/\/de.ambaguinee.org\/index.php?rest_route=\/wp\/v2\/posts\/66172\/revisions\/66175"}],"wp:attachment":[{"href":"https:\/\/de.ambaguinee.org\/index.php?rest_route=%2Fwp%2Fv2%2Fmedia&parent=66172"}],"wp:term":[{"taxonomy":"category","embeddable":true,"href":"https:\/\/de.ambaguinee.org\/index.php?rest_route=%2Fwp%2Fv2%2Fcategories&post=66172"},{"taxonomy":"post_tag","embeddable":true,"href":"https:\/\/de.ambaguinee.org\/index.php?rest_route=%2Fwp%2Fv2%2Ftags&post=66172"}],"curies":[{"name":"wp","href":"https:\/\/api.w.org\/{rel}","templated":true}]}}