{"id":66176,"date":"2024-05-05T11:51:08","date_gmt":"2024-05-05T09:51:08","guid":{"rendered":"https:\/\/de.ambaguinee.org\/?p=66176"},"modified":"2024-05-05T11:51:08","modified_gmt":"2024-05-05T09:51:08","slug":"rencontre-de-sem-lambassadeur-avec-le-bureau-executif-du-conseil-des-guineens-dallemagne","status":"publish","type":"post","link":"https:\/\/de.ambaguinee.org\/?p=66176","title":{"rendered":"Rencontre de SEM. L\u2019Ambassadeur avec le bureau ex\u00e9cutif du conseil des Guin\u00e9ens\u00a0d\u2019Allemagne"},"content":{"rendered":"\n<figure class=\"wp-block-image size-large\"><img loading=\"lazy\" decoding=\"async\" width=\"768\" height=\"1024\" src=\"https:\/\/de.ambaguinee.org\/wp-content\/uploads\/2024\/05\/WhatsApp-Bild-2023-08-ddd05-um-21.46.57-1152x1536-1-768x1024.jpg\" alt=\"\" class=\"wp-image-66177\" srcset=\"https:\/\/de.ambaguinee.org\/wp-content\/uploads\/2024\/05\/WhatsApp-Bild-2023-08-ddd05-um-21.46.57-1152x1536-1-768x1024.jpg 768w, https:\/\/de.ambaguinee.org\/wp-content\/uploads\/2024\/05\/WhatsApp-Bild-2023-08-ddd05-um-21.46.57-1152x1536-1-225x300.jpg 225w, https:\/\/de.ambaguinee.org\/wp-content\/uploads\/2024\/05\/WhatsApp-Bild-2023-08-ddd05-um-21.46.57-1152x1536-1-576x768.jpg 576w, https:\/\/de.ambaguinee.org\/wp-content\/uploads\/2024\/05\/WhatsApp-Bild-2023-08-ddd05-um-21.46.57-1152x1536-1.jpg 1152w\" sizes=\"(max-width: 768px) 100vw, 768px\" \/><\/figure>\n\n\n\n<figure class=\"wp-block-image size-large\"><img loading=\"lazy\" decoding=\"async\" width=\"768\" height=\"1024\" src=\"https:\/\/de.ambaguinee.org\/wp-content\/uploads\/2024\/05\/bbg-1152x1536-1-768x1024.jpg\" alt=\"\" class=\"wp-image-66178\" srcset=\"https:\/\/de.ambaguinee.org\/wp-content\/uploads\/2024\/05\/bbg-1152x1536-1-768x1024.jpg 768w, https:\/\/de.ambaguinee.org\/wp-content\/uploads\/2024\/05\/bbg-1152x1536-1-225x300.jpg 225w, https:\/\/de.ambaguinee.org\/wp-content\/uploads\/2024\/05\/bbg-1152x1536-1-576x768.jpg 576w, https:\/\/de.ambaguinee.org\/wp-content\/uploads\/2024\/05\/bbg-1152x1536-1.jpg 1152w\" sizes=\"(max-width: 768px) 100vw, 768px\" \/><\/figure>\n\n\n\n<blockquote class=\"wp-block-quote\">\n<p>L\u00b4Ambassadeur SEM. Aliou BARRY, entour\u00e9 de ses collaborateurs, a pr\u00e9sid\u00e9 une r\u00e9union extraordinaire, le Samedi 05 ao\u00fbt 2023, \u00e0 laquelle \u00e9taient pr\u00e9sents les membres du Bureau Ex\u00e9cutif du Conseil des guin\u00e9ens \u00e9tablis en R\u00e9publique F\u00e9d\u00e9rale d\u2019Allemagne, dans les locaux de la Mission Diplomatique \u00e0 Berlin.<\/p>\n\n\n\n<p>L\u2019ordre du jour a port\u00e9, essentiellement, sur le partage d\u2019informations, suivi, des conseils et d\u2019orientations en vue de renforcer le cadre de la collaboration<\/p>\n\n\n\n<p>L\u2019Ambassade renouv\u00e8le ses remerciements et ses f\u00e9licitions au Bureau du Conseil Ex\u00e9cutif pour sa participation active au d\u00e9bat et son engagement \u00e0 continuer d\u2019\u0153uvrer sans rel\u00e2che pour le d\u00e9veloppement socio-\u00e9conomique de la Guin\u00e9e.<\/p>\n<\/blockquote>\n","protected":false},"excerpt":{"rendered":"<p>L\u00b4Ambassadeur SEM. Aliou BARRY, entour\u00e9 de ses collaborateurs, a pr\u00e9sid\u00e9 une r\u00e9union extraordinaire, le Samedi 05 ao\u00fbt 2023, \u00e0 laquelle \u00e9taient pr\u00e9sents les membres du Bureau Ex\u00e9cutif du Conseil des guin\u00e9ens \u00e9tablis en R\u00e9publique F\u00e9d\u00e9rale d\u2019Allemagne, dans les locaux de la Mission Diplomatique \u00e0 Berlin. L\u2019ordre du jour a port\u00e9, essentiellement, sur le partage d\u2019informations, &hellip;<\/p>\n","protected":false},"author":6,"featured_media":0,"comment_status":"closed","ping_status":"closed","sticky":false,"template":"","format":"standard","meta":{"footnotes":""},"categories":[19],"tags":[],"_links":{"self":[{"href":"https:\/\/de.ambaguinee.org\/index.php?rest_route=\/wp\/v2\/posts\/66176"}],"collection":[{"href":"https:\/\/de.ambaguinee.org\/index.php?rest_route=\/wp\/v2\/posts"}],"about":[{"href":"https:\/\/de.ambaguinee.org\/index.php?rest_route=\/wp\/v2\/types\/post"}],"author":[{"embeddable":true,"href":"https:\/\/de.ambaguinee.org\/index.php?rest_route=\/wp\/v2\/users\/6"}],"replies":[{"embeddable":true,"href":"https:\/\/de.ambaguinee.org\/index.php?rest_route=%2Fwp%2Fv2%2Fcomments&post=66176"}],"version-history":[{"count":1,"href":"https:\/\/de.ambaguinee.org\/index.php?rest_route=\/wp\/v2\/posts\/66176\/revisions"}],"predecessor-version":[{"id":66179,"href":"https:\/\/de.ambaguinee.org\/index.php?rest_route=\/wp\/v2\/posts\/66176\/revisions\/66179"}],"wp:attachment":[{"href":"https:\/\/de.ambaguinee.org\/index.php?rest_route=%2Fwp%2Fv2%2Fmedia&parent=66176"}],"wp:term":[{"taxonomy":"category","embeddable":true,"href":"https:\/\/de.ambaguinee.org\/index.php?rest_route=%2Fwp%2Fv2%2Fcategories&post=66176"},{"taxonomy":"post_tag","embeddable":true,"href":"https:\/\/de.ambaguinee.org\/index.php?rest_route=%2Fwp%2Fv2%2Ftags&post=66176"}],"curies":[{"name":"wp","href":"https:\/\/api.w.org\/{rel}","templated":true}]}}