{"id":66204,"date":"2024-05-05T20:01:05","date_gmt":"2024-05-05T18:01:05","guid":{"rendered":"https:\/\/de.ambaguinee.org\/?p=66204"},"modified":"2024-05-05T20:22:36","modified_gmt":"2024-05-05T18:22:36","slug":"festival-loumo-africa-a-cologne","status":"publish","type":"post","link":"https:\/\/de.ambaguinee.org\/?p=66204","title":{"rendered":"Festival Loumo Africa \u00e0 Cologne"},"content":{"rendered":"\n<figure class=\"wp-block-image size-full\"><img loading=\"lazy\" decoding=\"async\" width=\"1024\" height=\"768\" src=\"https:\/\/de.ambaguinee.org\/wp-content\/uploads\/2024\/05\/hhhhh-1.jpg\" alt=\"\" class=\"wp-image-66205\" srcset=\"https:\/\/de.ambaguinee.org\/wp-content\/uploads\/2024\/05\/hhhhh-1.jpg 1024w, https:\/\/de.ambaguinee.org\/wp-content\/uploads\/2024\/05\/hhhhh-1-300x225.jpg 300w, https:\/\/de.ambaguinee.org\/wp-content\/uploads\/2024\/05\/hhhhh-1-768x576.jpg 768w\" sizes=\"(max-width: 1024px) 100vw, 1024px\" \/><\/figure>\n\n\n\n<figure class=\"wp-block-image size-large\"><img loading=\"lazy\" decoding=\"async\" width=\"1024\" height=\"576\" src=\"https:\/\/de.ambaguinee.org\/wp-content\/uploads\/2024\/05\/WhatsApp-Bild-2023-08-20-um-1fffff3.21.37-1536x864-1-1024x576.jpg\" alt=\"\" class=\"wp-image-66206\" srcset=\"https:\/\/de.ambaguinee.org\/wp-content\/uploads\/2024\/05\/WhatsApp-Bild-2023-08-20-um-1fffff3.21.37-1536x864-1-1024x576.jpg 1024w, https:\/\/de.ambaguinee.org\/wp-content\/uploads\/2024\/05\/WhatsApp-Bild-2023-08-20-um-1fffff3.21.37-1536x864-1-300x169.jpg 300w, https:\/\/de.ambaguinee.org\/wp-content\/uploads\/2024\/05\/WhatsApp-Bild-2023-08-20-um-1fffff3.21.37-1536x864-1-768x432.jpg 768w, https:\/\/de.ambaguinee.org\/wp-content\/uploads\/2024\/05\/WhatsApp-Bild-2023-08-20-um-1fffff3.21.37-1536x864-1.jpg 1536w\" sizes=\"(max-width: 1024px) 100vw, 1024px\" \/><\/figure>\n\n\n\n<figure class=\"wp-block-image size-full\"><img loading=\"lazy\" decoding=\"async\" width=\"1024\" height=\"768\" src=\"https:\/\/de.ambaguinee.org\/wp-content\/uploads\/2024\/05\/WhatsApp-Bild-2023-08-20-um-1fff3.20.42-1.jpg\" alt=\"\" class=\"wp-image-66208\" srcset=\"https:\/\/de.ambaguinee.org\/wp-content\/uploads\/2024\/05\/WhatsApp-Bild-2023-08-20-um-1fff3.20.42-1.jpg 1024w, https:\/\/de.ambaguinee.org\/wp-content\/uploads\/2024\/05\/WhatsApp-Bild-2023-08-20-um-1fff3.20.42-1-300x225.jpg 300w, https:\/\/de.ambaguinee.org\/wp-content\/uploads\/2024\/05\/WhatsApp-Bild-2023-08-20-um-1fff3.20.42-1-768x576.jpg 768w\" sizes=\"(max-width: 1024px) 100vw, 1024px\" \/><\/figure>\n\n\n\n<blockquote class=\"wp-block-quote\">\n<p>Dans le cadre du rayonnement de la culture guin\u00e9enne en Allemagne, une mission de l\u2019Ambassade compos\u00e9e de M. Fara KAMANO, Conseiller charg\u00e9 des affaires socio-culturelles et M. Dj\u00e9nou DIALLO Charg\u00e9 de la Communication a repr\u00e9sent\u00e9 SEM l\u2019Ambassadeur,le 19 Ao\u00fbt \u00e0 Cologne, \u00e0 l\u2019\u00e9v\u00e9nement Loumo Afrika organis\u00e9 par M. Amadou TOURE, promoteur culturel et Pr\u00e9sident de la structure Afrika Guin\u00e9e Afrika. On notait la pr\u00e9sence de l\u2019honorable Mamadou Thug, Conseiller\u00a0au\u00a0CNT.<\/p>\n<\/blockquote>\n","protected":false},"excerpt":{"rendered":"<p>Dans le cadre du rayonnement de la culture guin\u00e9enne en Allemagne, une mission de l\u2019Ambassade compos\u00e9e de M. Fara KAMANO, Conseiller charg\u00e9 des affaires socio-culturelles et M. Dj\u00e9nou DIALLO Charg\u00e9 de la Communication a repr\u00e9sent\u00e9 SEM l\u2019Ambassadeur,le 19 Ao\u00fbt \u00e0 Cologne, \u00e0 l\u2019\u00e9v\u00e9nement Loumo Afrika organis\u00e9 par M. Amadou TOURE, promoteur culturel et Pr\u00e9sident de &hellip;<\/p>\n","protected":false},"author":6,"featured_media":0,"comment_status":"closed","ping_status":"closed","sticky":false,"template":"","format":"standard","meta":{"footnotes":""},"categories":[19,49],"tags":[],"_links":{"self":[{"href":"https:\/\/de.ambaguinee.org\/index.php?rest_route=\/wp\/v2\/posts\/66204"}],"collection":[{"href":"https:\/\/de.ambaguinee.org\/index.php?rest_route=\/wp\/v2\/posts"}],"about":[{"href":"https:\/\/de.ambaguinee.org\/index.php?rest_route=\/wp\/v2\/types\/post"}],"author":[{"embeddable":true,"href":"https:\/\/de.ambaguinee.org\/index.php?rest_route=\/wp\/v2\/users\/6"}],"replies":[{"embeddable":true,"href":"https:\/\/de.ambaguinee.org\/index.php?rest_route=%2Fwp%2Fv2%2Fcomments&post=66204"}],"version-history":[{"count":1,"href":"https:\/\/de.ambaguinee.org\/index.php?rest_route=\/wp\/v2\/posts\/66204\/revisions"}],"predecessor-version":[{"id":66209,"href":"https:\/\/de.ambaguinee.org\/index.php?rest_route=\/wp\/v2\/posts\/66204\/revisions\/66209"}],"wp:attachment":[{"href":"https:\/\/de.ambaguinee.org\/index.php?rest_route=%2Fwp%2Fv2%2Fmedia&parent=66204"}],"wp:term":[{"taxonomy":"category","embeddable":true,"href":"https:\/\/de.ambaguinee.org\/index.php?rest_route=%2Fwp%2Fv2%2Fcategories&post=66204"},{"taxonomy":"post_tag","embeddable":true,"href":"https:\/\/de.ambaguinee.org\/index.php?rest_route=%2Fwp%2Fv2%2Ftags&post=66204"}],"curies":[{"name":"wp","href":"https:\/\/api.w.org\/{rel}","templated":true}]}}