{"id":66266,"date":"2024-05-05T22:38:42","date_gmt":"2024-05-05T20:38:42","guid":{"rendered":"https:\/\/de.ambaguinee.org\/?p=66266"},"modified":"2024-05-05T22:38:44","modified_gmt":"2024-05-05T20:38:44","slug":"la-celebration-du-65eme-anniversaire-de-lindependance-02-octobre-2023-a-berlin","status":"publish","type":"post","link":"https:\/\/de.ambaguinee.org\/?p=66266","title":{"rendered":"La c\u00e9l\u00e9bration du 65\u00e8me anniversaire de l\u2019ind\u00e9pendance 02 octobre 2023 \u00e0 Berlin"},"content":{"rendered":"\n<figure class=\"wp-block-image size-large\"><img loading=\"lazy\" decoding=\"async\" width=\"1024\" height=\"493\" src=\"https:\/\/de.ambaguinee.org\/wp-content\/uploads\/2024\/05\/bgt-1536x739-1-1024x493.jpg\" alt=\"\" class=\"wp-image-66267\" srcset=\"https:\/\/de.ambaguinee.org\/wp-content\/uploads\/2024\/05\/bgt-1536x739-1-1024x493.jpg 1024w, https:\/\/de.ambaguinee.org\/wp-content\/uploads\/2024\/05\/bgt-1536x739-1-300x144.jpg 300w, https:\/\/de.ambaguinee.org\/wp-content\/uploads\/2024\/05\/bgt-1536x739-1-768x370.jpg 768w, https:\/\/de.ambaguinee.org\/wp-content\/uploads\/2024\/05\/bgt-1536x739-1.jpg 1536w\" sizes=\"(max-width: 1024px) 100vw, 1024px\" \/><\/figure>\n\n\n\n<blockquote class=\"wp-block-quote\">\n<p>Dans le cadre de la c\u00e9l\u00e9bration de l\u2019accession de la R\u00e9publique de Guin\u00e9e \u00e0 l\u2019Ind\u00e9pendance le 2 octobre 1958, l\u2019ambassade en collaboration avec le Conseil des Guin\u00e9ens \u00e9tablis en Allemagne, a organis\u00e9 la f\u00eate en diff\u00e9r\u00e9e le 7 octobre 2023 dans un r\u00e9ceptif h\u00f4telier \u00e0 Berlin digne de nom. Cette f\u00eate a connu une grande participation de la communaut\u00e9 guin\u00e9enne, des amis et sympathisants de la R\u00e9publique Guin\u00e9e. Elle a \u00e9galement enregistr\u00e9 la pr\u00e9sence de plusieurs repr\u00e9sentations diplomates et consulaires accr\u00e9dit\u00e9s \u00e0 Berlin. Dans son discours de circonstance, SEM. Aliou BARRY, Ambassadeur Extraordinaire et Pl\u00e9nipotentiaire de la R\u00e9publique de Guin\u00e9e pr\u00e8s la R\u00e9publique F\u00e9d\u00e9rale d\u2019Allemagne, a rendu un vibrant hommage \u00e0 nos devanciers avant la colonisation et \u00e0 ceux qui ont conduit notre pays \u00e0 l\u2019Ind\u00e9pendance, pour les sacrifices incommensurables qu\u2019ils ont rendus \u00e0 la Nation Guin\u00e9enne. Il a magnifi\u00e9 les r\u00e9sultats tangibles obtenus dans tous les domaines par les Autorit\u00e9s actuelles sous le leadership de Son Excellence Colonel Mamadi DOUMBOUYA, Pr\u00e9sident du CNRD, Chef de l\u2019Etat Chef Supr\u00eame des Arm\u00e9es. II a enfin invit\u00e9 les Guin\u00e9ens de toute la sensibilit\u00e9 confondue \u00e0 l\u2019unit\u00e9 nationale et \u00e0 s\u2019impliquer de mani\u00e8re responsable \u00e0 la r\u00e9ussite de la transition. Dans l\u2019all\u00e9gresse et la fiert\u00e9 la f\u00eate s\u2019est poursuivie sous l\u2019animation des artistes (S\u00e9kouba Kandia KOUYATE, Doura BARRY, Sir\u00e8ne Kounda et Dj Sisco).<\/p>\n<\/blockquote>\n","protected":false},"excerpt":{"rendered":"<p>Dans le cadre de la c\u00e9l\u00e9bration de l\u2019accession de la R\u00e9publique de Guin\u00e9e \u00e0 l\u2019Ind\u00e9pendance le 2 octobre 1958, l\u2019ambassade en collaboration avec le Conseil des Guin\u00e9ens \u00e9tablis en Allemagne, a organis\u00e9 la f\u00eate en diff\u00e9r\u00e9e le 7 octobre 2023 dans un r\u00e9ceptif h\u00f4telier \u00e0 Berlin digne de nom. Cette f\u00eate a connu une grande &hellip;<\/p>\n","protected":false},"author":6,"featured_media":0,"comment_status":"closed","ping_status":"closed","sticky":false,"template":"","format":"standard","meta":{"footnotes":""},"categories":[2,19],"tags":[],"_links":{"self":[{"href":"https:\/\/de.ambaguinee.org\/index.php?rest_route=\/wp\/v2\/posts\/66266"}],"collection":[{"href":"https:\/\/de.ambaguinee.org\/index.php?rest_route=\/wp\/v2\/posts"}],"about":[{"href":"https:\/\/de.ambaguinee.org\/index.php?rest_route=\/wp\/v2\/types\/post"}],"author":[{"embeddable":true,"href":"https:\/\/de.ambaguinee.org\/index.php?rest_route=\/wp\/v2\/users\/6"}],"replies":[{"embeddable":true,"href":"https:\/\/de.ambaguinee.org\/index.php?rest_route=%2Fwp%2Fv2%2Fcomments&post=66266"}],"version-history":[{"count":1,"href":"https:\/\/de.ambaguinee.org\/index.php?rest_route=\/wp\/v2\/posts\/66266\/revisions"}],"predecessor-version":[{"id":66268,"href":"https:\/\/de.ambaguinee.org\/index.php?rest_route=\/wp\/v2\/posts\/66266\/revisions\/66268"}],"wp:attachment":[{"href":"https:\/\/de.ambaguinee.org\/index.php?rest_route=%2Fwp%2Fv2%2Fmedia&parent=66266"}],"wp:term":[{"taxonomy":"category","embeddable":true,"href":"https:\/\/de.ambaguinee.org\/index.php?rest_route=%2Fwp%2Fv2%2Fcategories&post=66266"},{"taxonomy":"post_tag","embeddable":true,"href":"https:\/\/de.ambaguinee.org\/index.php?rest_route=%2Fwp%2Fv2%2Ftags&post=66266"}],"curies":[{"name":"wp","href":"https:\/\/api.w.org\/{rel}","templated":true}]}}