{"id":66334,"date":"2024-05-05T23:36:47","date_gmt":"2024-05-05T21:36:47","guid":{"rendered":"https:\/\/de.ambaguinee.org\/?p=66334"},"modified":"2024-05-05T23:36:47","modified_gmt":"2024-05-05T21:36:47","slug":"presentation-des-lettres-de-creance-de-sem-aliou-barry-au-pape-francois","status":"publish","type":"post","link":"https:\/\/de.ambaguinee.org\/?p=66334","title":{"rendered":"Pr\u00e9sentation des Lettres de cr\u00e9ance de SEM Aliou BARRY au Pape Fran\u00e7ois"},"content":{"rendered":"\n<p><\/p>\n\n\n\n<figure class=\"wp-block-image size-large\"><img loading=\"lazy\" decoding=\"async\" width=\"1024\" height=\"683\" src=\"https:\/\/de.ambaguinee.org\/wp-content\/uploads\/2024\/05\/1a-1536x1024-1-1024x683.jpg\" alt=\"\" class=\"wp-image-66336\" srcset=\"https:\/\/de.ambaguinee.org\/wp-content\/uploads\/2024\/05\/1a-1536x1024-1-1024x683.jpg 1024w, https:\/\/de.ambaguinee.org\/wp-content\/uploads\/2024\/05\/1a-1536x1024-1-300x200.jpg 300w, https:\/\/de.ambaguinee.org\/wp-content\/uploads\/2024\/05\/1a-1536x1024-1-768x512.jpg 768w, https:\/\/de.ambaguinee.org\/wp-content\/uploads\/2024\/05\/1a-1536x1024-1.jpg 1536w\" sizes=\"(max-width: 1024px) 100vw, 1024px\" \/><\/figure>\n\n\n\n<figure class=\"wp-block-image size-large\"><img loading=\"lazy\" decoding=\"async\" width=\"683\" height=\"1024\" src=\"https:\/\/de.ambaguinee.org\/wp-content\/uploads\/2024\/05\/2a-768x1152-2-683x1024.jpg\" alt=\"\" class=\"wp-image-66337\" srcset=\"https:\/\/de.ambaguinee.org\/wp-content\/uploads\/2024\/05\/2a-768x1152-2-683x1024.jpg 683w, https:\/\/de.ambaguinee.org\/wp-content\/uploads\/2024\/05\/2a-768x1152-2-200x300.jpg 200w, https:\/\/de.ambaguinee.org\/wp-content\/uploads\/2024\/05\/2a-768x1152-2-512x768.jpg 512w, https:\/\/de.ambaguinee.org\/wp-content\/uploads\/2024\/05\/2a-768x1152-2.jpg 768w\" sizes=\"(max-width: 683px) 100vw, 683px\" \/><\/figure>\n\n\n\n<figure class=\"wp-block-image size-large\"><img loading=\"lazy\" decoding=\"async\" width=\"1024\" height=\"683\" src=\"https:\/\/de.ambaguinee.org\/wp-content\/uploads\/2024\/05\/3a-1536x1024-1-1024x683.jpg\" alt=\"\" class=\"wp-image-66338\" srcset=\"https:\/\/de.ambaguinee.org\/wp-content\/uploads\/2024\/05\/3a-1536x1024-1-1024x683.jpg 1024w, https:\/\/de.ambaguinee.org\/wp-content\/uploads\/2024\/05\/3a-1536x1024-1-300x200.jpg 300w, https:\/\/de.ambaguinee.org\/wp-content\/uploads\/2024\/05\/3a-1536x1024-1-768x512.jpg 768w, https:\/\/de.ambaguinee.org\/wp-content\/uploads\/2024\/05\/3a-1536x1024-1.jpg 1536w\" sizes=\"(max-width: 1024px) 100vw, 1024px\" \/><\/figure>\n\n\n\n<figure class=\"wp-block-image size-large\"><img loading=\"lazy\" decoding=\"async\" width=\"1024\" height=\"683\" src=\"https:\/\/de.ambaguinee.org\/wp-content\/uploads\/2024\/05\/02177_07122023-1536x1024-1-1024x683.jpg\" alt=\"\" class=\"wp-image-66339\" srcset=\"https:\/\/de.ambaguinee.org\/wp-content\/uploads\/2024\/05\/02177_07122023-1536x1024-1-1024x683.jpg 1024w, https:\/\/de.ambaguinee.org\/wp-content\/uploads\/2024\/05\/02177_07122023-1536x1024-1-300x200.jpg 300w, https:\/\/de.ambaguinee.org\/wp-content\/uploads\/2024\/05\/02177_07122023-1536x1024-1-768x512.jpg 768w, https:\/\/de.ambaguinee.org\/wp-content\/uploads\/2024\/05\/02177_07122023-1536x1024-1.jpg 1536w\" sizes=\"(max-width: 1024px) 100vw, 1024px\" \/><\/figure>\n\n\n\n<figure class=\"wp-block-image size-large\"><img loading=\"lazy\" decoding=\"async\" width=\"1024\" height=\"683\" src=\"https:\/\/de.ambaguinee.org\/wp-content\/uploads\/2024\/05\/02219_07122023-1536x1024-1-1024x683.jpg\" alt=\"\" class=\"wp-image-66340\" srcset=\"https:\/\/de.ambaguinee.org\/wp-content\/uploads\/2024\/05\/02219_07122023-1536x1024-1-1024x683.jpg 1024w, https:\/\/de.ambaguinee.org\/wp-content\/uploads\/2024\/05\/02219_07122023-1536x1024-1-300x200.jpg 300w, https:\/\/de.ambaguinee.org\/wp-content\/uploads\/2024\/05\/02219_07122023-1536x1024-1-768x512.jpg 768w, https:\/\/de.ambaguinee.org\/wp-content\/uploads\/2024\/05\/02219_07122023-1536x1024-1.jpg 1536w\" sizes=\"(max-width: 1024px) 100vw, 1024px\" \/><\/figure>\n\n\n\n<figure class=\"wp-block-image size-large is-resized\"><img loading=\"lazy\" decoding=\"async\" width=\"683\" height=\"1024\" src=\"https:\/\/de.ambaguinee.org\/wp-content\/uploads\/2024\/05\/02151_07122023-768x1152-1-683x1024.jpg\" alt=\"\" class=\"wp-image-66341\" style=\"width:840px;height:auto\" srcset=\"https:\/\/de.ambaguinee.org\/wp-content\/uploads\/2024\/05\/02151_07122023-768x1152-1-683x1024.jpg 683w, https:\/\/de.ambaguinee.org\/wp-content\/uploads\/2024\/05\/02151_07122023-768x1152-1-200x300.jpg 200w, https:\/\/de.ambaguinee.org\/wp-content\/uploads\/2024\/05\/02151_07122023-768x1152-1-512x768.jpg 512w, https:\/\/de.ambaguinee.org\/wp-content\/uploads\/2024\/05\/02151_07122023-768x1152-1.jpg 768w\" sizes=\"(max-width: 683px) 100vw, 683px\" \/><\/figure>\n\n\n\n<blockquote class=\"wp-block-quote\">\n<p>SEM. l\u2019Ambassadeur Aliou BARRY a pr\u00e9sent\u00e9 ses Lettres de cr\u00e9ances \u00e0 sa Saintet\u00e9 le Pape Fran\u00e7ois, en qualit\u00e9 d\u2019Ambassadeur Extraordinaire et pl\u00e9nipotentiaire de la R\u00e9publique de Guin\u00e9e pr\u00e9s du Vatican avec r\u00e9sidence \u00e0 Berlin, le jeudi 07 d\u00e9cembre 2023.<\/p>\n\n\n\n<p>Au cours de cette c\u00e9r\u00e9monie, le diplomate guin\u00e9en a transmis \u00e0 sa saintet\u00e9 les salutations chaleureuses de SE. le G\u00e9n\u00e9ral Mamadi DOUMBOUYA ,&nbsp; Chef de l\u2019Etat, Chef Supr\u00eame des Arm\u00e9es.<\/p>\n\n\n\n<p>Dans son intervention, le Pape a soulign\u00e9 l\u2019importance de la diplomatie multilat\u00e9rale pour la promotion de la paix dans un monde marqu\u00e9 par des conflits arm\u00e9s.<\/p>\n\n\n\n<p>Apr\u00e8s cette c\u00e9r\u00e9monie de pr\u00e9sentation des Lettres de cr\u00e9ance, SEM. l\u2019Ambassadeur Aliou BARRY a \u00e9t\u00e9 re\u00e7u par le Secr\u00e9taire d\u2019Etat du Saint-Si\u00e8ge, Mgr Pietro Parolin. La coop\u00e9ration bilat\u00e9rale entre la R\u00e9publique de Guin\u00e9e et l\u2019Etat du Vatican, la refondation de l\u2019Etat sous le Leadership \u00e9clair\u00e9 du Chef de l\u2019Etat SE. le G\u00e9n\u00e9ral Mamadi DOUMBOUYA et la situation socio-politique dans la sous-r\u00e9gion Ouest-Africaine.<\/p>\n<\/blockquote>\n","protected":false},"excerpt":{"rendered":"<p>SEM. l\u2019Ambassadeur Aliou BARRY a pr\u00e9sent\u00e9 ses Lettres de cr\u00e9ances \u00e0 sa Saintet\u00e9 le Pape Fran\u00e7ois, en qualit\u00e9 d\u2019Ambassadeur Extraordinaire et pl\u00e9nipotentiaire de la R\u00e9publique de Guin\u00e9e pr\u00e9s du Vatican avec r\u00e9sidence \u00e0 Berlin, le jeudi 07 d\u00e9cembre 2023. Au cours de cette c\u00e9r\u00e9monie, le diplomate guin\u00e9en a transmis \u00e0 sa saintet\u00e9 les salutations chaleureuses &hellip;<\/p>\n","protected":false},"author":6,"featured_media":0,"comment_status":"closed","ping_status":"closed","sticky":false,"template":"","format":"standard","meta":{"footnotes":""},"categories":[19],"tags":[],"_links":{"self":[{"href":"https:\/\/de.ambaguinee.org\/index.php?rest_route=\/wp\/v2\/posts\/66334"}],"collection":[{"href":"https:\/\/de.ambaguinee.org\/index.php?rest_route=\/wp\/v2\/posts"}],"about":[{"href":"https:\/\/de.ambaguinee.org\/index.php?rest_route=\/wp\/v2\/types\/post"}],"author":[{"embeddable":true,"href":"https:\/\/de.ambaguinee.org\/index.php?rest_route=\/wp\/v2\/users\/6"}],"replies":[{"embeddable":true,"href":"https:\/\/de.ambaguinee.org\/index.php?rest_route=%2Fwp%2Fv2%2Fcomments&post=66334"}],"version-history":[{"count":1,"href":"https:\/\/de.ambaguinee.org\/index.php?rest_route=\/wp\/v2\/posts\/66334\/revisions"}],"predecessor-version":[{"id":66342,"href":"https:\/\/de.ambaguinee.org\/index.php?rest_route=\/wp\/v2\/posts\/66334\/revisions\/66342"}],"wp:attachment":[{"href":"https:\/\/de.ambaguinee.org\/index.php?rest_route=%2Fwp%2Fv2%2Fmedia&parent=66334"}],"wp:term":[{"taxonomy":"category","embeddable":true,"href":"https:\/\/de.ambaguinee.org\/index.php?rest_route=%2Fwp%2Fv2%2Fcategories&post=66334"},{"taxonomy":"post_tag","embeddable":true,"href":"https:\/\/de.ambaguinee.org\/index.php?rest_route=%2Fwp%2Fv2%2Ftags&post=66334"}],"curies":[{"name":"wp","href":"https:\/\/api.w.org\/{rel}","templated":true}]}}