{"id":7331,"date":"2021-05-10T00:53:22","date_gmt":"2021-05-09T22:53:22","guid":{"rendered":"https:\/\/de.ambaguinee.org\/?p=7331"},"modified":"2021-05-10T00:53:22","modified_gmt":"2021-05-09T22:53:22","slug":"tchad-loperation-contre-les-rebelles-est-finie-affirme-larmee","status":"publish","type":"post","link":"https:\/\/de.ambaguinee.org\/?p=7331","title":{"rendered":"Tchad: l\u2019op\u00e9ration contre les rebelles est \u201cfinie\u201d, affirme l\u2019arm\u00e9e"},"content":{"rendered":"<div>\n<p>L\u2019arm\u00e9e tchadienne a affirm\u00e9 dimanche que l\u2019op\u00e9ration contre les rebelles qui m\u00e8nent depuis un mois une offensive est \u201cfinie\u201d et que \u201cla situation est revenue \u00e0 la normale\u201d.Les combats ont d\u00e9but\u00e9 le 11 avril, jour de l\u2019\u00e9lection pr\u00e9sidentielle au cours de laquelle Idriss D\u00e9by Itno avait \u00e9t\u00e9 r\u00e9\u00e9lu pour la sixi\u00e8me fois cons\u00e9cutive. <\/p>\n<p>C\u2019est lors de combats entre l\u2019arm\u00e9e et le Front pour l\u2019alternance et la concorde au Tchad (FACT) que le mar\u00e9chal D\u00e9by, mont\u00e9 au front, a \u00e9t\u00e9 tu\u00e9. \u201cLa guerre est arriv\u00e9e et nous avons pu ma\u00eetriser la situation (\u2026). Nous avons nettoy\u00e9 les lieux et il n\u2019y a plus rien maintenant. La situation est revenue \u00e0 la normale\u201d, a d\u00e9clar\u00e9 le chef d\u2019\u00e9tat-major des arm\u00e9es, Abakar Abdelk\u00e9rim Daoud. <\/p>\n<p>\u201cTout est fini, le territoire national est s\u00e9curis\u00e9\u201d. Plusieurs centaines de v\u00e9hicules et blind\u00e9s de l\u2019arm\u00e9e tchadienne ont regagn\u00e9 dimanche la capitale tchadienne N\u2019Djamena pour c\u00e9l\u00e9brer la fin des op\u00e9rations dans l\u2019ouest du pays, a constat\u00e9 un journaliste de l\u2019AFP. <\/p>\n<p>L\u2019arm\u00e9e tchadienne a pr\u00e9sent\u00e9 \u00e0 la presse 156 prisonniers du FACT, ainsi que de nombreux v\u00e9hicules saisis. <\/p>\n<p>\u201cJe demande aux autorit\u00e9s de respecter leurs droits de prisonniers de guerre (et \u00e0) ceux qui sont encore en r\u00e9bellion en dehors du pays de rejoindre la l\u00e9galit\u00e9 pour que ensemble ils contribuent \u00e0 b\u00e2tir un pays de droit et d\u00e9mocratique\u201d, a d\u00e9clar\u00e9 B\u00e9chir Mahadi, chef des op\u00e9rations militaires du FACT, les cheveux longs et hirsutes. <\/p>\n<p>Depuis le d\u00e9but de l\u2019offensive, l\u2019arm\u00e9e a assur\u00e9 avoir tu\u00e9 \u201cplusieurs centaines\u201d de rebelles du FACT. Jeudi, le nouveau ministre de la D\u00e9fense a affirm\u00e9 que la r\u00e9bellion \u00e9tait en \u201cd\u00e9bandade\u201d. <\/p>\n<p>Bas\u00e9 depuis sa cr\u00e9ation en 2016 dans le Sud de la Libye, le FACT et ses colonnes de pick-ups sont d\u2019abord descendus \u00e0 partir du 11 avril, vers le sud en franchissant la fronti\u00e8re Libye-Tchad, puis sont pass\u00e9s par le Niger, avant de revenir au Tchad dans le Kanem. <\/p>\n<p>Apr\u00e8s l\u2019annonce de la mort du pr\u00e9sident D\u00e9by, son fils Mahamat Idriss D\u00e9by a pris les r\u00eanes du pays \u00e0 la t\u00eate d\u2019un Conseil militaire de transition (CMT). Entour\u00e9 de 14 g\u00e9n\u00e9raux, tous fid\u00e8les \u00e0 son p\u00e8re, il concentre presque tous les pouvoirs. <\/p>\n<p>Le nouvel homme fort du pays a promis des \u00e9lections \u201clibres et d\u00e9mocratiques\u201d d\u2019ici 18 mois, p\u00e9riode qu\u2019il peut proroger une fois. <\/p>\n<p><strong>Belga<\/strong><\/p>\n<p>L\u2019article <a rel=\"nofollow\" href=\"https:\/\/mediaguinee.org\/tchad-loperation-contre-les-rebelles-est-finie-affirme-larmee\/\">Tchad: l\u2019op\u00e9ration contre les rebelles est \u201cfinie\u201d, affirme l\u2019arm\u00e9e<\/a> est apparu en premier sur <a rel=\"nofollow\" href=\"https:\/\/mediaguinee.org\/\">Mediaguinee.org<\/a>.<\/p>\n<\/div>\n","protected":false},"excerpt":{"rendered":"<p>L\u2019arm\u00e9e tchadienne a affirm\u00e9 dimanche que l\u2019op\u00e9ration contre les rebelles qui m\u00e8nent depuis un mois une offensive est \u201cfinie\u201d et que \u201cla situation est revenue \u00e0 la normale\u201d.Les combats ont d\u00e9but\u00e9 le 11 avril, jour de l\u2019\u00e9lection pr\u00e9sidentielle au cours de laquelle Idriss D\u00e9by Itno avait \u00e9t\u00e9 r\u00e9\u00e9lu pour la sixi\u00e8me fois cons\u00e9cutive. C\u2019est lors &hellip;<\/p>\n","protected":false},"author":1,"featured_media":0,"comment_status":"closed","ping_status":"closed","sticky":false,"template":"","format":"standard","meta":{"footnotes":""},"categories":[2],"tags":[23],"_links":{"self":[{"href":"https:\/\/de.ambaguinee.org\/index.php?rest_route=\/wp\/v2\/posts\/7331"}],"collection":[{"href":"https:\/\/de.ambaguinee.org\/index.php?rest_route=\/wp\/v2\/posts"}],"about":[{"href":"https:\/\/de.ambaguinee.org\/index.php?rest_route=\/wp\/v2\/types\/post"}],"author":[{"embeddable":true,"href":"https:\/\/de.ambaguinee.org\/index.php?rest_route=\/wp\/v2\/users\/1"}],"replies":[{"embeddable":true,"href":"https:\/\/de.ambaguinee.org\/index.php?rest_route=%2Fwp%2Fv2%2Fcomments&post=7331"}],"version-history":[{"count":0,"href":"https:\/\/de.ambaguinee.org\/index.php?rest_route=\/wp\/v2\/posts\/7331\/revisions"}],"wp:attachment":[{"href":"https:\/\/de.ambaguinee.org\/index.php?rest_route=%2Fwp%2Fv2%2Fmedia&parent=7331"}],"wp:term":[{"taxonomy":"category","embeddable":true,"href":"https:\/\/de.ambaguinee.org\/index.php?rest_route=%2Fwp%2Fv2%2Fcategories&post=7331"},{"taxonomy":"post_tag","embeddable":true,"href":"https:\/\/de.ambaguinee.org\/index.php?rest_route=%2Fwp%2Fv2%2Ftags&post=7331"}],"curies":[{"name":"wp","href":"https:\/\/api.w.org\/{rel}","templated":true}]}}