{"id":74208,"date":"2024-08-28T23:05:07","date_gmt":"2024-08-28T21:05:07","guid":{"rendered":"https:\/\/de.ambaguinee.org\/?p=74208"},"modified":"2024-08-28T23:05:07","modified_gmt":"2024-08-28T21:05:07","slug":"syli-national-voici-pourquoi-naby-keita-et-morgan-ne-sont-pas-convoques-par-charly-paquile","status":"publish","type":"post","link":"https:\/\/de.ambaguinee.org\/?p=74208","title":{"rendered":"Syli National : voici pourquoi Naby Ke\u00efta et Morgan ne sont pas convoqu\u00e9s par Charly Paquil\u00e9"},"content":{"rendered":"<div>\n<p>Morgan Guilavogui et Naby Ke\u00efta ne vont pas prendre part au d\u00e9but des \u00e9liminatoires de la CAN Maroc 2025. Les deux joueurs ne sont pas parmi les 23 s\u00e9lectionn\u00e9s par Charly Paquil\u00e9. Le syli national sera en regroupement \u00e0 Abidjan \u00e0 partir du 31 ao\u00fbt 2024 pour pr\u00e9parer les matchs contre la RDC et la [\u2026]\n<p>L\u2019article <a href=\"https:\/\/www.foot224.co\/2024\/08\/26\/syli-national-voici-pourquoi-naby-keita-et-morgan-ne-sont-pas-convoques-par-charly-paquile\/\">Syli National : voici pourquoi Naby Ke\u00efta et Morgan ne sont pas convoqu\u00e9s par Charly Paquil\u00e9<\/a> est apparu en premier sur <a href=\"https:\/\/www.foot224.co\/\">Foot224 &#8211; Actualit\u00e9 Sport Guin\u00e9e<\/a>.<\/p>\n<\/div>\n","protected":false},"excerpt":{"rendered":"<p>Morgan Guilavogui et Naby Ke\u00efta ne vont pas prendre part au d\u00e9but des \u00e9liminatoires de la CAN Maroc 2025. Les deux joueurs ne sont pas parmi les 23 s\u00e9lectionn\u00e9s par Charly Paquil\u00e9. Le syli national sera en regroupement \u00e0 Abidjan \u00e0 partir du 31 ao\u00fbt 2024 pour pr\u00e9parer les matchs contre la RDC et la &hellip;<\/p>\n","protected":false},"author":1,"featured_media":0,"comment_status":"closed","ping_status":"closed","sticky":false,"template":"","format":"standard","meta":{"footnotes":""},"categories":[4],"tags":[],"_links":{"self":[{"href":"https:\/\/de.ambaguinee.org\/index.php?rest_route=\/wp\/v2\/posts\/74208"}],"collection":[{"href":"https:\/\/de.ambaguinee.org\/index.php?rest_route=\/wp\/v2\/posts"}],"about":[{"href":"https:\/\/de.ambaguinee.org\/index.php?rest_route=\/wp\/v2\/types\/post"}],"author":[{"embeddable":true,"href":"https:\/\/de.ambaguinee.org\/index.php?rest_route=\/wp\/v2\/users\/1"}],"replies":[{"embeddable":true,"href":"https:\/\/de.ambaguinee.org\/index.php?rest_route=%2Fwp%2Fv2%2Fcomments&post=74208"}],"version-history":[{"count":0,"href":"https:\/\/de.ambaguinee.org\/index.php?rest_route=\/wp\/v2\/posts\/74208\/revisions"}],"wp:attachment":[{"href":"https:\/\/de.ambaguinee.org\/index.php?rest_route=%2Fwp%2Fv2%2Fmedia&parent=74208"}],"wp:term":[{"taxonomy":"category","embeddable":true,"href":"https:\/\/de.ambaguinee.org\/index.php?rest_route=%2Fwp%2Fv2%2Fcategories&post=74208"},{"taxonomy":"post_tag","embeddable":true,"href":"https:\/\/de.ambaguinee.org\/index.php?rest_route=%2Fwp%2Fv2%2Ftags&post=74208"}],"curies":[{"name":"wp","href":"https:\/\/api.w.org\/{rel}","templated":true}]}}