{"id":74419,"date":"2024-08-31T23:05:04","date_gmt":"2024-08-31T21:05:04","guid":{"rendered":"https:\/\/de.ambaguinee.org\/?p=74419"},"modified":"2024-08-31T23:05:04","modified_gmt":"2024-08-31T21:05:04","slug":"transfert-sory-kaba-fait-son-retour-a-elche","status":"publish","type":"post","link":"https:\/\/de.ambaguinee.org\/?p=74419","title":{"rendered":"Transfert : Sory Kaba fait son retour \u00e0 Elche"},"content":{"rendered":"<div>\n<p><strong>ELCHE- Elche a accueilli dans ses rangs un ancien de la maison. Ce vendredi, jour de cl\u00f4ture du march\u00e9 des transferts, le club espagnol a annonc\u00e9 via ses r\u00e9seaux sociaux l\u2019arriv\u00e9e dans son effectif d\u2019un nouvel attaquant, en la personne de Sory Kaba. L\u2019avant-centre guin\u00e9en de 29 ans qui conna\u00eet bien Elche pour y avoir \u00e9volu\u00e9 de 2016 \u00e0 2019, signe sous forme de pr\u00eat.<\/strong> <strong>Il est pr\u00eat\u00e9 par UD Las Palmas jusqu\u2019en 2025, soit une saison sans option. <\/strong>A pr\u00e9ciser que Elche \u00e9volue en deuxi\u00e8me division espagnole. <\/p>\n<figure class=\"wp-block-embed is-type-rich is-provider-twitter wp-block-embed-twitter\">\n<div class=\"wp-block-embed__wrapper\">\n<blockquote class=\"twitter-tweet\" data-width=\"550\" data-dnt=\"true\">\n<p lang=\"es\" dir=\"ltr\"><imgsrc=\"\" alt=\"\ud83d\udc9a\" class=\"wp-smiley\" style=\"height: 1em; max-height: 1em;\"> \u00a1\ud835\uddd5\ud835\udddc\ud835\uddd8\ud835\udde1\ud835\udde9\ud835\uddd8\ud835\udde1\ud835\udddc\ud835\uddd7\ud835\udde2 a \ud835\ude3e\ud835\ude3c\ud835\ude4e\ud835\ude3c! <imgsrc=\"\" alt=\"\ud83d\ude0c\" class=\"wp-smiley\" style=\"height: 1em; max-height: 1em;\"><\/p>\n<p><imgsrc=\"\" alt=\"\u2764\ufe0f\u200d\ud83d\udd25\" class=\"wp-smiley\" style=\"height: 1em; max-height: 1em;\"><a href=\"https:\/\/twitter.com\/Sorykaba2?ref_src=twsrc%5Etfw\">@Sorykaba2<\/a> regresa a \ud835\ude40\ud835\ude47\ud835\ude3e\ud835\ude43\ud835\ude40 <imgsrc=\"\" alt=\"\ud83c\udf34\" class=\"wp-smiley\" style=\"height: 1em; max-height: 1em;\"><\/p>\n<p><imgsrc=\"\" alt=\"\ud83e\udd1d\ud83c\udffc\" class=\"wp-smiley\" style=\"height: 1em; max-height: 1em;\"> Acuerdo con la <a href=\"https:\/\/twitter.com\/UDLP_Oficial?ref_src=twsrc%5Etfw\">@UDLP_Oficial<\/a> para la cesi\u00f3n del delantero guineano<\/p>\n<p>\u2014 Elche Club de F\u00fatbol <imgsrc=\"\" alt=\"\ud83c\udf34\" class=\"wp-smiley\" style=\"height: 1em; max-height: 1em;\"><imgsrc=\"\" alt=\"\ud83d\udcaf\" class=\"wp-smiley\" style=\"height: 1em; max-height: 1em;\"> (@elchecf) <a href=\"https:\/\/twitter.com\/elchecf\/status\/1829630315746525194?ref_src=twsrc%5Etfw\">August 30, 2024<\/a><\/p><\/blockquote>\n<p><script async src=\"https:\/\/platform.twitter.com\/widgets.js\" charset=\"utf-8\"><\/script><\/div>\n<\/figure>\n<\/div>\n","protected":false},"excerpt":{"rendered":"<p>ELCHE- Elche a accueilli dans ses rangs un ancien de la maison. Ce vendredi, jour de cl\u00f4ture du march\u00e9 des transferts, le club espagnol a annonc\u00e9 via ses r\u00e9seaux sociaux l\u2019arriv\u00e9e dans son effectif d\u2019un nouvel attaquant, en la personne de Sory Kaba. L\u2019avant-centre guin\u00e9en de 29 ans qui conna\u00eet bien Elche pour y avoir &hellip;<\/p>\n","protected":false},"author":1,"featured_media":0,"comment_status":"closed","ping_status":"closed","sticky":false,"template":"","format":"standard","meta":{"footnotes":""},"categories":[4],"tags":[],"_links":{"self":[{"href":"https:\/\/de.ambaguinee.org\/index.php?rest_route=\/wp\/v2\/posts\/74419"}],"collection":[{"href":"https:\/\/de.ambaguinee.org\/index.php?rest_route=\/wp\/v2\/posts"}],"about":[{"href":"https:\/\/de.ambaguinee.org\/index.php?rest_route=\/wp\/v2\/types\/post"}],"author":[{"embeddable":true,"href":"https:\/\/de.ambaguinee.org\/index.php?rest_route=\/wp\/v2\/users\/1"}],"replies":[{"embeddable":true,"href":"https:\/\/de.ambaguinee.org\/index.php?rest_route=%2Fwp%2Fv2%2Fcomments&post=74419"}],"version-history":[{"count":0,"href":"https:\/\/de.ambaguinee.org\/index.php?rest_route=\/wp\/v2\/posts\/74419\/revisions"}],"wp:attachment":[{"href":"https:\/\/de.ambaguinee.org\/index.php?rest_route=%2Fwp%2Fv2%2Fmedia&parent=74419"}],"wp:term":[{"taxonomy":"category","embeddable":true,"href":"https:\/\/de.ambaguinee.org\/index.php?rest_route=%2Fwp%2Fv2%2Fcategories&post=74419"},{"taxonomy":"post_tag","embeddable":true,"href":"https:\/\/de.ambaguinee.org\/index.php?rest_route=%2Fwp%2Fv2%2Ftags&post=74419"}],"curies":[{"name":"wp","href":"https:\/\/api.w.org\/{rel}","templated":true}]}}